{"id":3300,"date":"2016-04-15T21:07:49","date_gmt":"2016-04-15T21:07:49","guid":{"rendered":"http:\/\/odontoapeles.com.br\/clinica-odontologica\/dentista\/zona-sul\/\/?p=3300"},"modified":"2020-05-05T03:54:47","modified_gmt":"2020-05-05T03:54:47","slug":"ma-oclusao-dentaria","status":"publish","type":"post","link":"https:\/\/odontoapeles.com.br\/dentista\/clinica-odontologica\/zona-sul\/ma-oclusao-dentaria\/","title":{"rendered":"M\u00e1 Oclus\u00e3o Dent\u00e1ria"},"content":{"rendered":"<h4><strong><span style=\"color: #0000ff;\">M\u00e1 Oclus\u00e3o Dent\u00e1ria &#8211; Introdu\u00e7\u00e3o: <span style=\"color: #ffffff;\">\u00a0<\/span><\/span><\/strong><\/h4>\n<p style=\"text-align: justify;\"><span style=\"color: #000000;\">Antes do entendimento sobre o que \u00e9\u00a0<span style=\"text-decoration: underline;\"><strong>m<\/strong><strong>\u00e1 oclus\u00e3o Dent\u00e1ria<\/strong><\/span>, \u00e9 necess\u00e1rio compreender o que \u00e9\u00a0oclus\u00e3o dent\u00e1ria:<\/span><\/p>\n<div id=\"attachment_4725\" style=\"width: 187px\" class=\"wp-caption alignleft\"><a class=\"dt-single-image\" href=\"http:\/\/odontoapeles.com.br\/dentista\/clinica-odontologica\/zona-sul\/\/\/wp-content\/uploads\/2016\/04\/Oclus\u00e3o-Dent\u00e1ria-Normal.jpg\" data-dt-img-description=\"OCLUS\u00c3O DENT\u00c1RIA NORMAL\"><img decoding=\"async\" aria-describedby=\"caption-attachment-4725\" class=\"wp-image-4725 size-full\" title=\"M\u00e1 Oclus\u00e3o Dent\u00e1ria\" src=\"http:\/\/odontoapeles.com.br\/dentista\/clinica-odontologica\/zona-sul\/\/\/wp-content\/uploads\/2016\/04\/Oclus\u00e3o-Dent\u00e1ria-Normal.jpg\" alt=\"M\u00e1 Oclus\u00e3o Dent\u00e1ria\" width=\"177\" height=\"118\" \/><\/a><p id=\"caption-attachment-4725\" class=\"wp-caption-text\"><strong><span style=\"color: #ff6600;\">OCLUS\u00c3O DENT\u00c1RIA NORMAL<\/span><\/strong><\/p><\/div>\n<p style=\"text-align: justify;\"><span style=\"color: #000000;\">A <span style=\"text-decoration: underline;\"><strong>oclus\u00e3o dent\u00e1ria<\/strong><\/span> \u00e9 o contato entre as\u00a0superf\u00edcies dent\u00e1rias dos dentes superiores e inferiores durante o ato de fechamento da boca. <\/span><\/p>\n<p style=\"text-align: justify;\"><span style=\"color: #000000;\">Numa oclus\u00e3o normal, quando a boca \u00e9 fechada, os dentes superiores encobrem parcial e sutilmente os dentes inferiores, sendo que os contatos entre os dentes devem ser adequados, de acordo com\u00a0um padr\u00e3o anat\u00f4mico de normalidade.<br \/>\n<span style=\"color: #ffffff;\">.<\/span><\/span><\/p>\n<div id=\"attachment_3301\" style=\"width: 160px\" class=\"wp-caption alignleft\"><img decoding=\"async\" aria-describedby=\"caption-attachment-3301\" class=\"wp-image-3301 size-thumbnail\" title=\"M\u00e1 Oclus\u00e3o Dent\u00e1ria\" src=\"http:\/\/odontoapeles.com.br\/dentista\/clinica-odontologica\/zona-sul\/\/\/wp-content\/uploads\/2016\/04\/ma-oclusao-dental-150x150.jpg\" alt=\"M\u00e1 Oclus\u00e3o Dent\u00e1ria\" width=\"150\" height=\"150\" srcset=\"https:\/\/odontoapeles.com.br\/dentista\/clinica-odontologica\/zona-sul\/wp-content\/uploads\/2016\/04\/ma-oclusao-dental-150x150.jpg 150w, https:\/\/odontoapeles.com.br\/dentista\/clinica-odontologica\/zona-sul\/wp-content\/uploads\/2016\/04\/ma-oclusao-dental-32x32.jpg 32w, https:\/\/odontoapeles.com.br\/dentista\/clinica-odontologica\/zona-sul\/wp-content\/uploads\/2016\/04\/ma-oclusao-dental-45x45.jpg 45w\" sizes=\"(max-width: 150px) 100vw, 150px\" \/><p id=\"caption-attachment-3301\" class=\"wp-caption-text\"><strong><span style=\"color: #ff6600;\">M\u00c1 OCLUS\u00c3O DENT\u00c1RIA<\/span><\/strong><\/p><\/div>\n<p style=\"text-align: justify;\"><span style=\"color: #000000;\">Qualquer desvio deste padr\u00e3o normal de funcionamento \u00e9 chamado de <span style=\"text-decoration: underline;\"><strong>m\u00e1 oclus\u00e3o dent\u00e1ria,<\/strong><\/span>\u00a0o qual pode resultar em s\u00e9rios danos nas estruturas anat\u00f4micas que comp\u00f5em o aparelho mastigat\u00f3rio, como, por exemplo, os\u00a0ossos maxilares, os m\u00fasculos, os ligamentos, as articula\u00e7\u00f5es e os pr\u00f3prios dentes.<\/span><\/p>\n<p style=\"text-align: justify;\"><span style=\"color: #000000;\">Tamb\u00e9m pode ser definida como a m\u00e1 rela\u00e7\u00e3o entre os maxilares superior e inferior, chamados de maxila e mand\u00edbula. Esta situa\u00e7\u00e3o resulta de um encaixe inadequado entre os dentes superiores e inferiores ao fechar a boca, impedindo que as arcadas dent\u00e1rias se conectem de modo adequado.<\/span><span style=\"color: #000000;\"><span style=\"color: #ffffff;\">,<\/span><br \/>\n<span style=\"color: #ffffff;\">.<\/span><\/span><\/p>\n<h4><\/h4>\n<h4><strong><span style=\"color: #0000ff;\">M\u00e1 Oclus\u00e3o Dent\u00e1ria &#8211; Tipos:\u00a0<\/span><\/strong><\/h4>\n<p style=\"text-align: justify;\"><span style=\"color: #000000;\">Diversas s\u00e3o as formas de <span style=\"text-decoration: underline;\"><strong>m\u00e1 oclus\u00e3o dent\u00e1ria<\/strong><\/span> e seria imposs\u00edvel descrev\u00ea-las todas neste texto. Por\u00e9m, podemos citar algumas de seus modelos mais conhecidos, como a mordida aberta, a mordida cruzada e a mordida profunda, apresentadas nas imagens abaixo:<\/span><\/p>\n\n\t\t\t<style type='text\/css'>\n\t\t\t\t#gallery-1 {\n\t\t\t\t\tmargin: auto;\n\t\t\t\t}\n\t\t\t\t#gallery-1 .gallery-item {\n\t\t\t\t\tfloat: left;\n\t\t\t\t\tmargin-top: 10px;\n\t\t\t\t\ttext-align: center;\n\t\t\t\t\twidth: 33%;\n\t\t\t\t}\n\t\t\t\t#gallery-1 img {\n\t\t\t\t\tborder: 2px solid #cfcfcf;\n\t\t\t\t}\n\t\t\t\t#gallery-1 .gallery-caption {\n\t\t\t\t\tmargin-left: 0;\n\t\t\t\t}\n\t\t\t\t\/* see gallery_shortcode() in wp-includes\/media.php *\/\n\t\t\t<\/style>\n\t\t<div id='gallery-1' class='dt-gallery-container gallery galleryid-3300 gallery-columns-3 gallery-size-thumbnail'><dl class='gallery-item'>\n\t\t\t\t<dt class='gallery-icon landscape'>\n\t\t\t\t\t<a class=\"rollover\" href='https:\/\/odontoapeles.com.br\/dentista\/clinica-odontologica\/zona-sul\/ma-oclusao-dentaria\/mordida-aberta-3\/'><img decoding=\"async\" width=\"150\" height=\"150\" src=\"https:\/\/odontoapeles.com.br\/dentista\/clinica-odontologica\/zona-sul\/wp-content\/uploads\/2016\/04\/Mordida-Aberta-2-150x150.jpg\" class=\"attachment-thumbnail size-thumbnail\" alt=\"Mordida aberta\" aria-describedby=\"gallery-1-3431\" srcset=\"https:\/\/odontoapeles.com.br\/dentista\/clinica-odontologica\/zona-sul\/wp-content\/uploads\/2016\/04\/Mordida-Aberta-2-150x150.jpg 150w, https:\/\/odontoapeles.com.br\/dentista\/clinica-odontologica\/zona-sul\/wp-content\/uploads\/2016\/04\/Mordida-Aberta-2-32x32.jpg 32w, https:\/\/odontoapeles.com.br\/dentista\/clinica-odontologica\/zona-sul\/wp-content\/uploads\/2016\/04\/Mordida-Aberta-2-45x45.jpg 45w\" sizes=\"(max-width: 150px) 100vw, 150px\" \/><\/a>\n\t\t\t\t<\/dt>\n\t\t\t\t\t<dd class='wp-caption-text gallery-caption' id='gallery-1-3431'>\n\t\t\t\t\tMORDIDA ABERTA\n\t\t\t\t\t<\/dd><\/dl><dl class='gallery-item'>\n\t\t\t\t<dt class='gallery-icon landscape'>\n\t\t\t\t\t<a class=\"rollover\" href='https:\/\/odontoapeles.com.br\/dentista\/clinica-odontologica\/zona-sul\/ma-oclusao-dentaria\/mordida-cruzada-2\/'><img loading=\"lazy\" decoding=\"async\" width=\"150\" height=\"150\" src=\"https:\/\/odontoapeles.com.br\/dentista\/clinica-odontologica\/zona-sul\/wp-content\/uploads\/2016\/04\/Mordida-Cruzada-1-150x150.jpg\" class=\"attachment-thumbnail size-thumbnail\" alt=\"Mordida Cruzada\" aria-describedby=\"gallery-1-3432\" \/><\/a>\n\t\t\t\t<\/dt>\n\t\t\t\t\t<dd class='wp-caption-text gallery-caption' id='gallery-1-3432'>\n\t\t\t\t\tMORDIDA CRUZADA\n\t\t\t\t\t<\/dd><\/dl><dl class='gallery-item'>\n\t\t\t\t<dt class='gallery-icon landscape'>\n\t\t\t\t\t<a class=\"rollover\" href='https:\/\/odontoapeles.com.br\/dentista\/clinica-odontologica\/zona-sul\/ma-oclusao-dentaria\/mordida-profunda-2\/'><img loading=\"lazy\" decoding=\"async\" width=\"150\" height=\"145\" src=\"https:\/\/odontoapeles.com.br\/dentista\/clinica-odontologica\/zona-sul\/wp-content\/uploads\/2016\/04\/Mordida-Profunda-1-150x145.jpg\" class=\"attachment-thumbnail size-thumbnail\" alt=\"Mordida Profunda\" aria-describedby=\"gallery-1-3433\" \/><\/a>\n\t\t\t\t<\/dt>\n\t\t\t\t\t<dd class='wp-caption-text gallery-caption' id='gallery-1-3433'>\n\t\t\t\t\tMORDIDA PROFUNDA\n\t\t\t\t\t<\/dd><\/dl><br style=\"clear: both\" \/>\n\t\t\t<\/div>\n\n<h4><\/h4>\n<h4><\/h4>\n<h4><strong><span style=\"color: #0000ff;\">M\u00e1 Oclus\u00e3o Dent\u00e1ria &#8211; Causas Heredit\u00e1rias e Causas Adquiridas:\u00a0<\/span><\/strong><\/h4>\n<p style=\"text-align: justify;\"><span style=\"color: #000000;\">De uma maneira geral, pode-se afirmar que as causas da <span style=\"text-decoration: underline;\"><strong>m\u00e1 oclus\u00e3o dent\u00e1ria<\/strong><\/span> devem -se principalmente a fatores heredit\u00e1rios e fatores adquiridos:<\/span><\/p>\n<p style=\"text-align: justify;\"><span style=\"color: #000000;\"><strong><span style=\"text-decoration: underline;\">Causas\u00a0Heredit\u00e1rias<\/span><\/strong>: a hereditariedade constitui um de seus principais fatores causadores.\u00a0O padr\u00e3o de crescimento e desenvolvimento das arcadas dent\u00e1rias e dos dentes que sobre elas ir\u00e3o se posicionar sofre forte influ\u00eancia dos fatores gen\u00e9ticos. Indiv\u00edduos que tem suas arcadas dent\u00e1rias naturalmente formadas por dentes desalinhados ou mal posicionados ter\u00e3o oclus\u00e3o dent\u00e1ria inadequada.\u00a0<\/span><\/p>\n<p style=\"text-align: justify;\"><span style=\"color: #000000;\"><strong><span style=\"text-decoration: underline;\">Causas\u00a0Adquiridas<\/span><\/strong>: s\u00e3o in\u00fameras as condi\u00e7\u00f5es\u00a0adquiridas pass\u00edveis de alterar a correta oclus\u00e3o dos dentes. Como exemplo cl\u00e1ssico, temos as perdas dent\u00e1rias, as quais provocam mudan\u00e7as nas posi\u00e7\u00f5es dos dentes vizinhos ou opostos, os quais antes interagiam com aqueles que foram extra\u00eddos. As altera\u00e7\u00f5es da posi\u00e7\u00e3o destes dentes podem levar \u00e0 um desvio da mordida habitual do indiv\u00edduo, produzindo contatos interdent\u00e1rios anormais.\u00a0<\/span><\/p>\n<p style=\"text-align: justify;\"><span style=\"color: #000000;\">Al\u00e9m das causas acima descritas, existem outras relacionadas \u00e0 defici\u00eancias nutricionais, doen\u00e7as sist\u00eamicas e at\u00e9 mesmo traumatismos faciais causados por acidentes.<\/span><\/p>\n<p style=\"text-align: justify;\"><span style=\"color: #000000;\"><span style=\"color: #ffffff;\">.<\/span><\/span><\/p>\n<h4><strong><span style=\"color: #0000ff;\">M\u00e1 Oclus\u00e3o Dent\u00e1ria &#8211; <\/span><\/strong><strong><span style=\"color: #0000ff;\">Tratamento<\/span><\/strong><strong><span style=\"color: #0000ff;\">:\u00a0<\/span><\/strong><\/h4>\n<p style=\"text-align: justify;\"><span style=\"color: #000000;\">A\u00a0despeito da causa que a originou, oclus\u00f5es dent\u00e1rias inadequadas podem desencadear s\u00e9rios danos e sintomas dolorosos nas v\u00e1rias\u00a0estruturas anat\u00f4micas que comp\u00f5em o aparelho mastigat\u00f3rio. Al\u00e9m disso, a m\u00e1\u00a0oclus\u00e3o dent\u00e1ria pode comprometer a apar\u00eancia est\u00e9tica do indiv\u00edduo.<\/span><\/p>\n<p style=\"text-align: justify;\"><span style=\"color: #000000;\">Por isso, uma vez diagnosticada, a oclus\u00e3o dent\u00e1ria anormal deve ser corrigida preferencialmente pelo tratamento ortod\u00f4ntico, o qual proporcionar\u00e1 contatos interdent\u00e1rios saud\u00e1veis. Em casos mais graves, quando os ossos maxilares superior e inferior est\u00e3o muito mal posicionados e discrepantes, a cirurgia ortogn\u00e1tica, restabelecer\u00e1 a rela\u00e7\u00e3o normal entre ambos.<\/span><\/p>\n<p>&nbsp;<\/p>\n<h2><a class=\"dt-single-image\" href=\"https:\/\/odontoapeles.com.br\/dentista\/clinica-odontologica\/zona-sul\/wp-content\/uploads\/2018\/08\/cabecalho-11.png\" data-dt-img-description=\"\"><img loading=\"lazy\" decoding=\"async\" class=\"aligncenter wp-image-10843 size-full\" title=\"SP,\u00a0 Cl\u00ednica Odontol\u00f3gica na Zona Sul SP\" src=\"https:\/\/odontoapeles.com.br\/dentista\/clinica-odontologica\/zona-sul\/wp-content\/uploads\/2018\/08\/cabecalho-11.png\" alt=\"Odontologia Apeles Lemos - 5563-5471,\u00a0 Cl\u00ednica Odontol\u00f3gica Zona Sul SP\" width=\"910\" height=\"272\" srcset=\"https:\/\/odontoapeles.com.br\/dentista\/clinica-odontologica\/zona-sul\/wp-content\/uploads\/2018\/08\/cabecalho-11.png 910w, https:\/\/odontoapeles.com.br\/dentista\/clinica-odontologica\/zona-sul\/wp-content\/uploads\/2018\/08\/cabecalho-11-300x90.png 300w, https:\/\/odontoapeles.com.br\/dentista\/clinica-odontologica\/zona-sul\/wp-content\/uploads\/2018\/08\/cabecalho-11-768x230.png 768w, https:\/\/odontoapeles.com.br\/dentista\/clinica-odontologica\/zona-sul\/wp-content\/uploads\/2018\/08\/cabecalho-11-600x179.png 600w\" sizes=\"(max-width: 910px) 100vw, 910px\" \/><\/a><\/h2>\n<div class=\"caldera-grid\" id=\"caldera_form_1\" data-cf-ver=\"1.9.7\" data-cf-form-id=\"CF5b00382b5a25d\"><div id=\"caldera_notices_1\" data-spinner=\"https:\/\/odontoapeles.com.br\/dentista\/clinica-odontologica\/zona-sul\/wp-admin\/images\/spinner.gif\"><\/div><form data-instance=\"1\" class=\"CF5b00382b5a25d caldera_forms_form cfajax-trigger\" method=\"POST\" enctype=\"multipart\/form-data\" id=\"CF5b00382b5a25d_1\" data-form-id=\"CF5b00382b5a25d\" aria-label=\"FALE CONOSCO\" data-target=\"#caldera_notices_1\" data-template=\"#cfajax_CF5b00382b5a25d-tmpl\" data-cfajax=\"CF5b00382b5a25d\" data-load-element=\"_parent\" data-load-class=\"cf_processing\" data-post-disable=\"0\" data-action=\"cf_process_ajax_submit\" data-request=\"https:\/\/odontoapeles.com.br\/dentista\/clinica-odontologica\/zona-sul\/cf-api\/CF5b00382b5a25d\" data-hiderows=\"true\">\r\n<input type=\"hidden\" id=\"_cf_verify_CF5b00382b5a25d\" name=\"_cf_verify\" value=\"4287f70d91\"  data-nonce-time=\"1777718920\" \/><input type=\"hidden\" name=\"_wp_http_referer\" value=\"\/dentista\/clinica-odontologica\/zona-sul\/wp-json\/wp\/v2\/posts\/3300\" \/><div id=\"cf2-CF5b00382b5a25d_1\"><\/div><input type=\"hidden\" name=\"_cf_frm_id\" value=\"CF5b00382b5a25d\">\r\n<input type=\"hidden\" name=\"_cf_frm_ct\" value=\"1\">\r\n<input type=\"hidden\" name=\"cfajax\" value=\"CF5b00382b5a25d\">\r\n<input type=\"hidden\" name=\"_cf_cr_pst\" value=\"3300\">\r\n<div class=\"hide\" style=\"display:none; overflow:hidden;height:0;width:0;\">\r\n<label>Order Number<\/label><input type=\"text\" name=\"order_number\" value=\"\" autocomplete=\"off\">\r\n<\/div><div id=\"CF5b00382b5a25d_1-row-1\"  class=\"row  first_row\"><div  class=\"col-sm-12  single\"><div class=\"\"><\/div><\/div><\/div><div id=\"CF5b00382b5a25d_1-row-2\"  class=\"row \"><div  class=\"col-sm-4  first_col\"><div data-field-wrapper=\"fld_8768091\" class=\"form-group\" id=\"fld_8768091_1-wrap\">\r\n\t<label id=\"fld_8768091Label\" for=\"fld_8768091_1\" class=\"control-label\">Nome <span aria-hidden=\"true\" role=\"presentation\" class=\"field_required\" style=\"color:#ee0000;\">*<\/span><\/label>\r\n\t<div class=\"\">\r\n\t\t<input   required type=\"text\" data-field=\"fld_8768091\" class=\" form-control\" id=\"fld_8768091_1\" name=\"fld_8768091\" value=\"\" data-type=\"text\" aria-required=\"true\"   aria-labelledby=\"fld_8768091Label\" >\t\t\t<\/div>\r\n<\/div>\r\n<div data-field-wrapper=\"fld_9286608\" class=\"form-group\" id=\"fld_9286608_1-wrap\">\r\n\t<label id=\"fld_9286608Label\" for=\"fld_9286608_1\" class=\"control-label\">WhatsApp<\/label>\r\n\t<div class=\"\">\r\n\t\t<input    type=\"text\" data-field=\"fld_9286608\" class=\" form-control\" id=\"fld_9286608_1\" name=\"fld_9286608\" value=\"\" data-type=\"text\"   aria-labelledby=\"fld_9286608Label\" >\t\t\t<\/div>\r\n<\/div>\r\n<\/div><div  class=\"col-sm-4 \"><div data-field-wrapper=\"fld_9970286\" class=\"form-group\" id=\"fld_9970286_1-wrap\">\r\n\t<label id=\"fld_9970286Label\" for=\"fld_9970286_1\" class=\"control-label\">Telefone <span aria-hidden=\"true\" role=\"presentation\" class=\"field_required\" style=\"color:#ee0000;\">*<\/span><\/label>\r\n\t<div class=\"\">\r\n\t\t<input   required type=\"text\" data-field=\"fld_9970286\" class=\" form-control\" id=\"fld_9970286_1\" name=\"fld_9970286\" value=\"\" data-type=\"text\" aria-required=\"true\"   aria-labelledby=\"fld_9970286Label\" >\t\t\t<\/div>\r\n<\/div>\r\n<div data-field-wrapper=\"fld_8026901\" class=\"form-group\" id=\"fld_8026901_1-wrap\">\r\n\t<label id=\"fld_8026901Label\" for=\"fld_8026901_1\" class=\"control-label\">Como nos Conheceu?<\/label>\r\n\t<div class=\"\">\r\n\t\t<select name=\"fld_8026901\" value=\"opt1754659\" data-field=\"fld_8026901\" class=\"form-control\" id=\"fld_8026901_1\"    aria-labelledby=\"fld_8026901Label\" >\n\t\t\t\t\t\t\t<option value=\"Google\" selected=\"selected\" data-calc-value=\"Google\" >\n\t\t\t\t\t\tGoogle\t\t\t\t\t<\/option>\n\t\t\t\t\t\t\t\t\t\t<option value=\"Facebook\"  data-calc-value=\"Facebook\" >\n\t\t\t\t\t\tFacebook\t\t\t\t\t<\/option>\n\t\t\t\t\t\t\t\t\t\t<option value=\"Instagram\"  data-calc-value=\"Instagram\" >\n\t\t\t\t\t\tInstagram\t\t\t\t\t<\/option>\n\t\t\t\t\t\t\t\t\t\t<option value=\"Indica\u00e7\u00e3o\"  data-calc-value=\"Indica\u00e7\u00e3o\" >\n\t\t\t\t\t\tIndica\u00e7\u00e3o\t\t\t\t\t<\/option>\n\t\t\t\t\t\t\t\t\t\t<option value=\"Placa\"  data-calc-value=\"Placa\" >\n\t\t\t\t\t\tPlaca\t\t\t\t\t<\/option>\n\t\t\t\t\t\t\t\t\t\t<option value=\"Outros\"  data-calc-value=\"Outros\" >\n\t\t\t\t\t\tOutros\t\t\t\t\t<\/option>\n\t\t\t\t\t\t\t<\/select>\n\t\t\t<\/div>\r\n<\/div>\r\n<\/div><div  class=\"col-sm-4  last_col\"><div data-field-wrapper=\"fld_6009157\" class=\"form-group\" id=\"fld_6009157_1-wrap\">\r\n\t<label id=\"fld_6009157Label\" for=\"fld_6009157_1\" class=\"control-label\">Endere\u00e7o de E-mail <span aria-hidden=\"true\" role=\"presentation\" class=\"field_required\" style=\"color:#ee0000;\">*<\/span><\/label>\r\n\t<div class=\"\">\r\n\t\t<input   required type=\"email\" data-field=\"fld_6009157\" class=\" form-control\" id=\"fld_6009157_1\" name=\"fld_6009157\" value=\"\" data-type=\"email\" aria-required=\"true\"   aria-labelledby=\"fld_6009157Label\" >\t\t\t<\/div>\r\n<\/div>\r\n<div data-field-wrapper=\"fld_2601416\" class=\"form-group\" id=\"fld_2601416_1-wrap\">\r\n\t<label id=\"fld_2601416Label\" for=\"fld_2601416_1\" class=\"control-label\">Que Tratamento Deseja Realizar?<\/label>\r\n\t<div class=\"\">\r\n\t\t<select name=\"fld_2601416\" value=\"\" data-field=\"fld_2601416\" class=\"form-control\" id=\"fld_2601416_1\"    aria-labelledby=\"fld_2601416Label\" >\n\t\t<option value=\"\"><\/option>\r\n\t\t\t\t\t<option value=\"Harmoniza\u00e7\u00e3o Orofacial\"  data-calc-value=\"Harmoniza\u00e7\u00e3o Orofacial\" >\n\t\t\t\t\t\tHarmoniza\u00e7\u00e3o Orofacial\t\t\t\t\t<\/option>\n\t\t\t\t\t\t\t\t\t\t<option value=\"Botox e Preenchimento Facial\"  data-calc-value=\"Botox e Preenchimento Facial\" >\n\t\t\t\t\t\tBotox e Preenchimento Facial\t\t\t\t\t<\/option>\n\t\t\t\t\t\t\t\t\t\t<option value=\"Bichectomia\"  data-calc-value=\"Bichectomia\" >\n\t\t\t\t\t\tBichectomia\t\t\t\t\t<\/option>\n\t\t\t\t\t\t\t\t\t\t<option value=\"Lipo de Papada\"  data-calc-value=\"Lipo de Papada\" >\n\t\t\t\t\t\tLipo de Papada\t\t\t\t\t<\/option>\n\t\t\t\t\t\t\t\t\t\t<option value=\"Jato de Plasma\"  data-calc-value=\"Jato de Plasma\" >\n\t\t\t\t\t\tJato de Plasma\t\t\t\t\t<\/option>\n\t\t\t\t\t\t\t\t\t\t<option value=\"Odontologia Est\u00e9tica\"  data-calc-value=\"Odontologia Est\u00e9tica\" >\n\t\t\t\t\t\tOdontologia Est\u00e9tica\t\t\t\t\t<\/option>\n\t\t\t\t\t\t\t\t\t\t<option value=\"Rinomodela\u00e7\u00e3o\"  data-calc-value=\"Rinomodela\u00e7\u00e3o\" >\n\t\t\t\t\t\tRinomodela\u00e7\u00e3o\t\t\t\t\t<\/option>\n\t\t\t\t\t\t\t\t\t\t<option value=\"Implantes Dent\u00e1rios\"  data-calc-value=\"Implantes Dent\u00e1rios\" >\n\t\t\t\t\t\tImplantes Dent\u00e1rios\t\t\t\t\t<\/option>\n\t\t\t\t\t\t\t\t\t\t<option value=\"Clareamento Dental\"  data-calc-value=\"Clareamento Dental\" >\n\t\t\t\t\t\tClareamento Dental\t\t\t\t\t<\/option>\n\t\t\t\t\t\t\t\t\t\t<option value=\"Ortodontia\"  data-calc-value=\"Ortodontia\" >\n\t\t\t\t\t\tOrtodontia\t\t\t\t\t<\/option>\n\t\t\t\t\t\t\t\t\t\t<option value=\"Endodontia\"  data-calc-value=\"Endodontia\" >\n\t\t\t\t\t\tEndodontia\t\t\t\t\t<\/option>\n\t\t\t\t\t\t\t\t\t\t<option value=\"Pr\u00f3tese Dental\"  data-calc-value=\"Pr\u00f3tese Dental\" >\n\t\t\t\t\t\tPr\u00f3tese Dental\t\t\t\t\t<\/option>\n\t\t\t\t\t\t\t\t\t\t<option value=\"Periodontia\"  data-calc-value=\"Periodontia\" >\n\t\t\t\t\t\tPeriodontia\t\t\t\t\t<\/option>\n\t\t\t\t\t\t\t\t\t\t<option value=\"Cirurgia Oral\"  data-calc-value=\"Cirurgia Oral\" >\n\t\t\t\t\t\tCirurgia Oral\t\t\t\t\t<\/option>\n\t\t\t\t\t\t\t<\/select>\n\t\t\t<\/div>\r\n<\/div>\r\n<\/div><\/div><div id=\"CF5b00382b5a25d_1-row-3\"  class=\"row \"><div  class=\"col-sm-12  single\"><div data-field-wrapper=\"fld_8340154\" class=\"form-group\" id=\"fld_8340154_1-wrap\">\r\n\t<label id=\"fld_8340154Label\" for=\"fld_8340154_1\" class=\"control-label\">Sua Mensagem<\/label>\r\n\t<div class=\"\">\r\n\t\t<textarea name=\"fld_8340154\" value=\"\" data-field=\"fld_8340154\" class=\"form-control\" id=\"fld_8340154_1\" rows=\"4\"    aria-labelledby=\"fld_8340154Label\" ><\/textarea>\n\t\t\t<\/div>\r\n<\/div>\r\n<div class=\"\"><p><\/p>\n<\/div><\/div><\/div><div id=\"CF5b00382b5a25d_1-row-4\"  class=\"row  last_row\"><div  class=\"col-sm-12  single\"><div data-field-wrapper=\"fld_7908577\" class=\"form-group\" id=\"fld_7908577_1-wrap\">\r\n<div class=\"\">\r\n\t<input  class=\"btn btn-default\" type=\"submit\" name=\"fld_7908577\" id=\"fld_7908577_1\" value=\"Enviar Mensagem\" data-field=\"fld_7908577\"  >\n<\/div>\r\n<\/div>\r\n\t<input class=\"button_trigger_1\" type=\"hidden\" name=\"fld_7908577\" id=\"fld_7908577_1_btn\" value=\"\" data-field=\"fld_7908577\"  \/>\n<\/div><\/div><\/form>\r\n<\/div>\r\n\n<h2 style=\"text-align: justify;\"><span style=\"color: #ffffff;\"><strong>M\u00e1 Oclus\u00e3o Dent\u00e1ria, American\u00f3polis, Interlagos, Moema, Santo Amaro, Socorro, Avenida Cupec\u00ea, Avenida Interlagos, Avenida Nossa Senhora do Sabar\u00e1, Avenida Sargento Geraldo Santana, Avenida Washington Luiz, Avenida Yervant, Avenida Yervant Kissajikian, Campininha, Casa Palma, Ch\u00e1cara Flora, Ch\u00e1cara Santo Antonio, Cidade Ademar, Cidade Domitila, Cidade Dutra, Cidade J\u00falia, Cidade Leonor, Cidade Vargas, Cupec\u00ea, Granja Julieta, Nossa Senhora do Sabar\u00e1, Pedreira, Sa\u00fade, Vila Aeroporto, Vila Andrade, Vila Arriete, Vila Campestre, Vila Campo Grande, Vila Capela, Vila Castelo, Vila Celeste, Vila Clara, Vila Clementino, Vila Constan\u00e7a, Vila do Castelo, Vila do Cruzeiro, Vila \u00c9lida, Vila Cruzeiro, Vila Emir, Vila Facchini, Vila Filomena, Vila Gea, Vila Guarani, Vila Imp\u00e9rio, Vila Inglesa, Vila Jabaquara, Vila Joaniza, Vila Maiara, Vila Marari, Vila Mascote, Vila Mira, Vila Mission\u00e1ria, Vila Nova Caled\u00f4nia, Vila Nova Sabar\u00e1, Vila Romano, Vila Rubi, Vila Santa Catarina, Vila S\u00e3o Jos\u00e9, Vila Socorro, Vila Cabral, Washington Luiz, Yervant, Campo Belo, Graja\u00fa, Jabaquara, Jardim Aeroporto, Jardim Alto Congonhas, Jardim Alvorada, Jardim Anchieta, Jardim B\u00e9lgica, Jardim Bom Clima, Jardim Bransley, Jardim Campina, Jardim Castelo, Jardim Cid\u00e1lia, Jardim Cl\u00e9lia, Jardim Cons\u00f3rcio, Jardim Cupec\u00ea, Jardim da Sa\u00fade, Jardim das Oliveiras, Jardim do Carmo, Jardim dos Prados, Jardim Ernestina, Jardim Gra\u00fana, Jardim Ip\u00ea, Jardim Itacolomi, Jardim Itapura, Jardim Los Angeles, Jardim Lourdes, Jardim Luanda, Jardim Luso, Jardim Manac\u00e1, Jardim Marajoara, Jardim Martini, Jardim Miriam, Jardim Niter\u00f3i, Jardim Nosso Lar, Jardim Olinda, Jardim Oliveira, Jardim Orly, Jardim Pedreira, Jardim Prud\u00eancia, Jardim Santo Antonio, Jardim S\u00e3o Carlos, Jardim S\u00e3o Jorge, Jardim Sat\u00e9lite, Jardim Scaff, Jardim Selma, Jardim Sofia, Jardim Suzana, Jardim Taquaral, Jardim Uberaba, Jardim Ubirajara, Jardim Umuarama, Jurubatuba, Parque Cocaia, Parque Colonial, Parque Dorot\u00e9ia, perto do Col\u00e9gio 25 de Mar\u00e7o, perto do Col\u00e9gio Santa Maria, perto do Leroy Merlin Interlagos, perto do Makro Interlagos, perto do Mercado Extra Interlagos, perto do Shopping Interlagos, perto do Shopping Interlar, perto do Shopping Interlar Interlagos, perto do Aeroporto de Congonhas, pr\u00f3ximo ao Col\u00e9gio 25 de Mar\u00e7o, pr\u00f3ximo ao Col\u00e9gio Santa Maria, pr\u00f3ximo ao Leroy Merlin Interlagos, pr\u00f3ximo ao Makro Interlagos, pr\u00f3ximo ao Mercado Extra Interlagos, pr\u00f3ximo ao Shopping Interlagos, pr\u00f3ximo ao Shopping Interlar, pr\u00f3ximo ao Shopping Interlar Interlagos, pr\u00f3ximo ao Aeroporto de Congonhas, \u00a0<\/strong><\/span><\/h2>\n<h2 style=\"text-align: justify;\"><span style=\"color: #ffffff;\"><strong>Tratamento da Mordida Incorreta, <\/strong><strong>American\u00f3polis, Interlagos, Moema, Santo Amaro, Socorro, Avenida Cupec\u00ea, Avenida Interlagos, Avenida Nossa Senhora do Sabar\u00e1, Avenida Sargento Geraldo Santana, Avenida Washington Luiz, Avenida Yervant, Avenida Yervant Kissajikian, Campininha, Casa Palma, Ch\u00e1cara Flora, Ch\u00e1cara Santo Antonio, Cidade Ademar, Cidade Domitila, Cidade Dutra, Cidade J\u00falia, Cidade Leonor, Cidade Vargas, Cupec\u00ea, Granja Julieta, Nossa Senhora do Sabar\u00e1, Pedreira, Sa\u00fade, Vila Aeroporto, Vila Andrade, Vila Arriete, Vila Campestre, Vila Campo Grande, Vila Capela, Vila Castelo, Vila Celeste, Vila Clara, Vila Clementino, Vila Constan\u00e7a, Vila do Castelo, Vila do Cruzeiro, Vila \u00c9lida, Vila Cruzeiro, Vila Emir, Vila Facchini, Vila Filomena, Vila Gea, Vila Guarani, Vila Imp\u00e9rio, Vila Inglesa, Vila Jabaquara, Vila Joaniza, Vila Maiara, Vila Marari, Vila Mascote, Vila Mira, Vila Mission\u00e1ria, Vila Nova Caled\u00f4nia, Vila Nova Sabar\u00e1, Vila Romano, Vila Rubi, Vila Santa Catarina, Vila S\u00e3o Jos\u00e9, Vila Socorro, Vila Cabral, Washington Luiz, Yervant, Campo Belo, Graja\u00fa, Jabaquara, Jardim Aeroporto, Jardim Alto Congonhas, Jardim Alvorada, Jardim Anchieta, Jardim B\u00e9lgica, Jardim Bom Clima, Jardim Bransley, Jardim Campina, Jardim Castelo, Jardim Cid\u00e1lia, Jardim Cl\u00e9lia, Jardim Cons\u00f3rcio, Jardim Cupec\u00ea, Jardim da Sa\u00fade, Jardim das Oliveiras, Jardim do Carmo, Jardim dos Prados, Jardim Ernestina, Jardim Gra\u00fana, Jardim Ip\u00ea, Jardim Itacolomi, Jardim Itapura, Jardim Los Angeles, Jardim Lourdes, Jardim Luanda, Jardim Luso, Jardim Manac\u00e1, Jardim Marajoara, Jardim Martini, Jardim Miriam, Jardim Niter\u00f3i, Jardim Nosso Lar, Jardim Olinda, Jardim Oliveira, Jardim Orly, Jardim Pedreira, Jardim Prud\u00eancia, Jardim Santo Antonio, Jardim S\u00e3o Carlos, Jardim S\u00e3o Jorge, Jardim Sat\u00e9lite, Jardim Scaff, Jardim Selma, Jardim Sofia, Jardim Suzana, Jardim Taquaral, Jardim Uberaba, Jardim Ubirajara, Jardim Umuarama, Jurubatuba, Parque Cocaia, Parque Colonial, Parque Dorot\u00e9ia, perto do Col\u00e9gio 25 de Mar\u00e7o, perto do Col\u00e9gio Santa Maria, perto do Leroy Merlin Interlagos, perto do Makro Interlagos, perto do Mercado Extra Interlagos, perto do Shopping Interlagos, perto do Shopping Interlar, perto do Shopping Interlar Interlagos, perto do Aeroporto de Congonhas, pr\u00f3ximo ao Col\u00e9gio 25 de Mar\u00e7o, pr\u00f3ximo ao Col\u00e9gio Santa Maria, pr\u00f3ximo ao Leroy Merlin Interlagos, pr\u00f3ximo ao Makro Interlagos, pr\u00f3ximo ao Mercado Extra Interlagos, pr\u00f3ximo ao Shopping Interlagos, pr\u00f3ximo ao Shopping Interlar, pr\u00f3ximo ao Shopping Interlar Interlagos, pr\u00f3ximo ao Aeroporto de Congonhas, \u00a0<\/strong><\/span><\/h2>\n<h2 style=\"text-align: justify;\"><span style=\"color: #ffffff;\"><strong>M\u00e1 Oclus\u00e3o Dent\u00e1ria Zona Sul,\u00a0<\/strong><strong>M\u00e1 Oclus\u00e3o Dent\u00e1ria na Zona Sul,\u00a0<\/strong><strong>M\u00e1 Oclus\u00e3o Dent\u00e1ria Zona Sul SP,\u00a0<\/strong><strong>M\u00e1 Oclus\u00e3o Dent\u00e1ria na Zona Sul SP,\u00a0<\/strong><strong>M\u00e1 Oclus\u00e3o Dent\u00e1ria na Zona Sul SP,\u00a0<\/strong><strong>M\u00e1 Oclus\u00e3o Dent\u00e1ria Zona Sul de SP,\u00a0<\/strong><strong>M\u00e1 Oclus\u00e3o Dent\u00e1ria na Zona Sul de SP,\u00a0<\/strong><strong>M\u00e1 Oclus\u00e3o Dent\u00e1ria Zona Sul de S\u00e3o Paulo,\u00a0<\/strong><strong>M\u00e1 Oclus\u00e3o Dent\u00e1ria na Zona Sul de S\u00e3o Paulo,<\/strong><\/span><\/h2>\n<h2><span style=\"color: #ffffff;\">&#8211; SP,<\/span><\/h2>\n<h2><span style=\"color: #ffffff;\">&#8211; SP,<\/span><\/h2>\n","protected":false},"excerpt":{"rendered":"<p>M\u00e1 Oclus\u00e3o Dent\u00e1ria &#8211; Introdu\u00e7\u00e3o: \u00a0 Antes do entendimento sobre o que \u00e9\u00a0m\u00e1 oclus\u00e3o Dent\u00e1ria, \u00e9 necess\u00e1rio compreender o que \u00e9\u00a0oclus\u00e3o dent\u00e1ria: A oclus\u00e3o dent\u00e1ria \u00e9 o contato entre as\u00a0superf\u00edcies dent\u00e1rias dos dentes superiores e inferiores durante o ato de fechamento da boca. Numa oclus\u00e3o normal, quando a boca \u00e9 fechada, os dentes superiores encobrem&hellip;<\/p>\n","protected":false},"author":1,"featured_media":3301,"comment_status":"open","ping_status":"open","sticky":false,"template":"","format":"standard","meta":{"_joinchat":[],"footnotes":""},"categories":[1],"tags":[],"class_list":["post-3300","post","type-post","status-publish","format-standard","has-post-thumbnail","hentry","category-artigos-odontologicos","category-1","description-off"],"yoast_head":"<!-- This site is optimized with the Yoast SEO Premium plugin v22.1 (Yoast SEO v25.8) - https:\/\/yoast.com\/wordpress\/plugins\/seo\/ -->\n<title>M\u00e1 Oclus\u00e3o Dent\u00e1ria Zona Sul SP - Odontologia Apeles Lemos - 5563.5471<\/title>\n<meta name=\"description\" content=\"A m\u00e1 oclus\u00e3o dent\u00e1ria \u00e9 definida como o contato anormal entre os dentes superiores e inferiores durante o ato de fechamento da boca.\" \/>\n<meta name=\"robots\" content=\"index, follow, max-snippet:-1, max-image-preview:large, max-video-preview:-1\" \/>\n<link rel=\"canonical\" href=\"https:\/\/odontoapeles.com.br\/dentista\/clinica-odontologica\/zona-sul\/ma-oclusao-dentaria\/\" \/>\n<meta name=\"twitter:label1\" content=\"Escrito por\" \/>\n\t<meta name=\"twitter:data1\" content=\"administrador\" \/>\n\t<meta name=\"twitter:label2\" content=\"Est. tempo de leitura\" \/>\n\t<meta name=\"twitter:data2\" content=\"7 minutos\" \/>\n<script type=\"application\/ld+json\" class=\"yoast-schema-graph\">{\"@context\":\"https:\/\/schema.org\",\"@graph\":[{\"@type\":\"Article\",\"@id\":\"https:\/\/odontoapeles.com.br\/dentista\/clinica-odontologica\/zona-sul\/ma-oclusao-dentaria\/#article\",\"isPartOf\":{\"@id\":\"https:\/\/odontoapeles.com.br\/dentista\/clinica-odontologica\/zona-sul\/ma-oclusao-dentaria\/\"},\"author\":{\"name\":\"administrador\",\"@id\":\"https:\/\/odontoapeles.com.br\/dentista\/clinica-odontologica\/zona-sul\/#\/schema\/person\/e05aefb4aac5b48d28fe5ef123d5e991\"},\"headline\":\"M\u00e1 Oclus\u00e3o Dent\u00e1ria\",\"datePublished\":\"2016-04-15T21:07:49+00:00\",\"dateModified\":\"2020-05-05T03:54:47+00:00\",\"mainEntityOfPage\":{\"@id\":\"https:\/\/odontoapeles.com.br\/dentista\/clinica-odontologica\/zona-sul\/ma-oclusao-dentaria\/\"},\"wordCount\":1460,\"commentCount\":0,\"publisher\":{\"@id\":\"https:\/\/odontoapeles.com.br\/dentista\/clinica-odontologica\/zona-sul\/#organization\"},\"image\":{\"@id\":\"https:\/\/odontoapeles.com.br\/dentista\/clinica-odontologica\/zona-sul\/ma-oclusao-dentaria\/#primaryimage\"},\"thumbnailUrl\":\"https:\/\/odontoapeles.com.br\/dentista\/clinica-odontologica\/zona-sul\/wp-content\/uploads\/2016\/04\/ma-oclusao-dental.jpg\",\"articleSection\":[\"Artigos Odontol\u00f3gicos\"],\"inLanguage\":\"pt-BR\",\"potentialAction\":[{\"@type\":\"CommentAction\",\"name\":\"Comment\",\"target\":[\"https:\/\/odontoapeles.com.br\/dentista\/clinica-odontologica\/zona-sul\/ma-oclusao-dentaria\/#respond\"]}]},{\"@type\":\"WebPage\",\"@id\":\"https:\/\/odontoapeles.com.br\/dentista\/clinica-odontologica\/zona-sul\/ma-oclusao-dentaria\/\",\"url\":\"https:\/\/odontoapeles.com.br\/dentista\/clinica-odontologica\/zona-sul\/ma-oclusao-dentaria\/\",\"name\":\"M\u00e1 Oclus\u00e3o Dent\u00e1ria Zona Sul SP - Odontologia Apeles Lemos - 5563.5471\",\"isPartOf\":{\"@id\":\"https:\/\/odontoapeles.com.br\/dentista\/clinica-odontologica\/zona-sul\/#website\"},\"primaryImageOfPage\":{\"@id\":\"https:\/\/odontoapeles.com.br\/dentista\/clinica-odontologica\/zona-sul\/ma-oclusao-dentaria\/#primaryimage\"},\"image\":{\"@id\":\"https:\/\/odontoapeles.com.br\/dentista\/clinica-odontologica\/zona-sul\/ma-oclusao-dentaria\/#primaryimage\"},\"thumbnailUrl\":\"https:\/\/odontoapeles.com.br\/dentista\/clinica-odontologica\/zona-sul\/wp-content\/uploads\/2016\/04\/ma-oclusao-dental.jpg\",\"datePublished\":\"2016-04-15T21:07:49+00:00\",\"dateModified\":\"2020-05-05T03:54:47+00:00\",\"description\":\"A m\u00e1 oclus\u00e3o dent\u00e1ria \u00e9 definida como o contato anormal entre os dentes superiores e inferiores durante o ato de fechamento da boca.\",\"breadcrumb\":{\"@id\":\"https:\/\/odontoapeles.com.br\/dentista\/clinica-odontologica\/zona-sul\/ma-oclusao-dentaria\/#breadcrumb\"},\"inLanguage\":\"pt-BR\",\"potentialAction\":[{\"@type\":\"ReadAction\",\"target\":[\"https:\/\/odontoapeles.com.br\/dentista\/clinica-odontologica\/zona-sul\/ma-oclusao-dentaria\/\"]}]},{\"@type\":\"ImageObject\",\"inLanguage\":\"pt-BR\",\"@id\":\"https:\/\/odontoapeles.com.br\/dentista\/clinica-odontologica\/zona-sul\/ma-oclusao-dentaria\/#primaryimage\",\"url\":\"https:\/\/odontoapeles.com.br\/dentista\/clinica-odontologica\/zona-sul\/wp-content\/uploads\/2016\/04\/ma-oclusao-dental.jpg\",\"contentUrl\":\"https:\/\/odontoapeles.com.br\/dentista\/clinica-odontologica\/zona-sul\/wp-content\/uploads\/2016\/04\/ma-oclusao-dental.jpg\",\"width\":1280,\"height\":681,\"caption\":\"M\u00c1 OCLUS\u00c3O DENT\u00c1RIA\"},{\"@type\":\"BreadcrumbList\",\"@id\":\"https:\/\/odontoapeles.com.br\/dentista\/clinica-odontologica\/zona-sul\/ma-oclusao-dentaria\/#breadcrumb\",\"itemListElement\":[{\"@type\":\"ListItem\",\"position\":1,\"name\":\"In\u00edcio\",\"item\":\"https:\/\/odontoapeles.com.br\/dentista\/clinica-odontologica\/zona-sul\/\"},{\"@type\":\"ListItem\",\"position\":2,\"name\":\"M\u00e1 Oclus\u00e3o Dent\u00e1ria\"}]},{\"@type\":\"WebSite\",\"@id\":\"https:\/\/odontoapeles.com.br\/dentista\/clinica-odontologica\/zona-sul\/#website\",\"url\":\"https:\/\/odontoapeles.com.br\/dentista\/clinica-odontologica\/zona-sul\/\",\"name\":\"Dentista Zona Sul SP - Odontologia Apeles Lemos - 5563-5471\",\"description\":\"Refer\u00eancia h\u00e1 30 anos em Odontologia, Cl\u00ednica Odontol\u00f3gica, Cl\u00ednica Dent\u00e1ria e Dentista Zona Sul SP. Whats App: 9 4624-0000. Dentista Zona Sul SP - Odontologia Apeles Lemos - 5563-5471\",\"publisher\":{\"@id\":\"https:\/\/odontoapeles.com.br\/dentista\/clinica-odontologica\/zona-sul\/#organization\"},\"potentialAction\":[{\"@type\":\"SearchAction\",\"target\":{\"@type\":\"EntryPoint\",\"urlTemplate\":\"https:\/\/odontoapeles.com.br\/dentista\/clinica-odontologica\/zona-sul\/?s={search_term_string}\"},\"query-input\":{\"@type\":\"PropertyValueSpecification\",\"valueRequired\":true,\"valueName\":\"search_term_string\"}}],\"inLanguage\":\"pt-BR\"},{\"@type\":\"Organization\",\"@id\":\"https:\/\/odontoapeles.com.br\/dentista\/clinica-odontologica\/zona-sul\/#organization\",\"name\":\"Dentista Zona Sul SP - Odontologia Apeles Lemos - 5563-5471\",\"url\":\"https:\/\/odontoapeles.com.br\/dentista\/clinica-odontologica\/zona-sul\/\",\"logo\":{\"@type\":\"ImageObject\",\"inLanguage\":\"pt-BR\",\"@id\":\"https:\/\/odontoapeles.com.br\/dentista\/clinica-odontologica\/zona-sul\/#\/schema\/logo\/image\/\",\"url\":\"https:\/\/odontoapeles.com.br\/dentista\/clinica-odontologica\/zona-sul\/wp-content\/uploads\/2018\/05\/logo.png\",\"contentUrl\":\"https:\/\/odontoapeles.com.br\/dentista\/clinica-odontologica\/zona-sul\/wp-content\/uploads\/2018\/05\/logo.png\",\"width\":443,\"height\":190,\"caption\":\"Dentista Zona Sul SP - Odontologia Apeles Lemos - 5563-5471\"},\"image\":{\"@id\":\"https:\/\/odontoapeles.com.br\/dentista\/clinica-odontologica\/zona-sul\/#\/schema\/logo\/image\/\"},\"sameAs\":[\"https:\/\/www.facebook.com\/odontoapeles\"]},{\"@type\":\"Person\",\"@id\":\"https:\/\/odontoapeles.com.br\/dentista\/clinica-odontologica\/zona-sul\/#\/schema\/person\/e05aefb4aac5b48d28fe5ef123d5e991\",\"name\":\"administrador\",\"image\":{\"@type\":\"ImageObject\",\"inLanguage\":\"pt-BR\",\"@id\":\"https:\/\/odontoapeles.com.br\/dentista\/clinica-odontologica\/zona-sul\/#\/schema\/person\/image\/\",\"url\":\"https:\/\/secure.gravatar.com\/avatar\/e3089e6fb36c5ac23fe49c3206f06570?s=96&d=mm&r=g\",\"contentUrl\":\"https:\/\/secure.gravatar.com\/avatar\/e3089e6fb36c5ac23fe49c3206f06570?s=96&d=mm&r=g\",\"caption\":\"administrador\"}}]}<\/script>\n<!-- \/ Yoast SEO Premium plugin. -->","yoast_head_json":{"title":"M\u00e1 Oclus\u00e3o Dent\u00e1ria Zona Sul SP - Odontologia Apeles Lemos - 5563.5471","description":"A m\u00e1 oclus\u00e3o dent\u00e1ria \u00e9 definida como o contato anormal entre os dentes superiores e inferiores durante o ato de fechamento da boca.","robots":{"index":"index","follow":"follow","max-snippet":"max-snippet:-1","max-image-preview":"max-image-preview:large","max-video-preview":"max-video-preview:-1"},"canonical":"https:\/\/odontoapeles.com.br\/dentista\/clinica-odontologica\/zona-sul\/ma-oclusao-dentaria\/","twitter_misc":{"Escrito por":"administrador","Est. tempo de leitura":"7 minutos"},"schema":{"@context":"https:\/\/schema.org","@graph":[{"@type":"Article","@id":"https:\/\/odontoapeles.com.br\/dentista\/clinica-odontologica\/zona-sul\/ma-oclusao-dentaria\/#article","isPartOf":{"@id":"https:\/\/odontoapeles.com.br\/dentista\/clinica-odontologica\/zona-sul\/ma-oclusao-dentaria\/"},"author":{"name":"administrador","@id":"https:\/\/odontoapeles.com.br\/dentista\/clinica-odontologica\/zona-sul\/#\/schema\/person\/e05aefb4aac5b48d28fe5ef123d5e991"},"headline":"M\u00e1 Oclus\u00e3o Dent\u00e1ria","datePublished":"2016-04-15T21:07:49+00:00","dateModified":"2020-05-05T03:54:47+00:00","mainEntityOfPage":{"@id":"https:\/\/odontoapeles.com.br\/dentista\/clinica-odontologica\/zona-sul\/ma-oclusao-dentaria\/"},"wordCount":1460,"commentCount":0,"publisher":{"@id":"https:\/\/odontoapeles.com.br\/dentista\/clinica-odontologica\/zona-sul\/#organization"},"image":{"@id":"https:\/\/odontoapeles.com.br\/dentista\/clinica-odontologica\/zona-sul\/ma-oclusao-dentaria\/#primaryimage"},"thumbnailUrl":"https:\/\/odontoapeles.com.br\/dentista\/clinica-odontologica\/zona-sul\/wp-content\/uploads\/2016\/04\/ma-oclusao-dental.jpg","articleSection":["Artigos Odontol\u00f3gicos"],"inLanguage":"pt-BR","potentialAction":[{"@type":"CommentAction","name":"Comment","target":["https:\/\/odontoapeles.com.br\/dentista\/clinica-odontologica\/zona-sul\/ma-oclusao-dentaria\/#respond"]}]},{"@type":"WebPage","@id":"https:\/\/odontoapeles.com.br\/dentista\/clinica-odontologica\/zona-sul\/ma-oclusao-dentaria\/","url":"https:\/\/odontoapeles.com.br\/dentista\/clinica-odontologica\/zona-sul\/ma-oclusao-dentaria\/","name":"M\u00e1 Oclus\u00e3o Dent\u00e1ria Zona Sul SP - Odontologia Apeles Lemos - 5563.5471","isPartOf":{"@id":"https:\/\/odontoapeles.com.br\/dentista\/clinica-odontologica\/zona-sul\/#website"},"primaryImageOfPage":{"@id":"https:\/\/odontoapeles.com.br\/dentista\/clinica-odontologica\/zona-sul\/ma-oclusao-dentaria\/#primaryimage"},"image":{"@id":"https:\/\/odontoapeles.com.br\/dentista\/clinica-odontologica\/zona-sul\/ma-oclusao-dentaria\/#primaryimage"},"thumbnailUrl":"https:\/\/odontoapeles.com.br\/dentista\/clinica-odontologica\/zona-sul\/wp-content\/uploads\/2016\/04\/ma-oclusao-dental.jpg","datePublished":"2016-04-15T21:07:49+00:00","dateModified":"2020-05-05T03:54:47+00:00","description":"A m\u00e1 oclus\u00e3o dent\u00e1ria \u00e9 definida como o contato anormal entre os dentes superiores e inferiores durante o ato de fechamento da boca.","breadcrumb":{"@id":"https:\/\/odontoapeles.com.br\/dentista\/clinica-odontologica\/zona-sul\/ma-oclusao-dentaria\/#breadcrumb"},"inLanguage":"pt-BR","potentialAction":[{"@type":"ReadAction","target":["https:\/\/odontoapeles.com.br\/dentista\/clinica-odontologica\/zona-sul\/ma-oclusao-dentaria\/"]}]},{"@type":"ImageObject","inLanguage":"pt-BR","@id":"https:\/\/odontoapeles.com.br\/dentista\/clinica-odontologica\/zona-sul\/ma-oclusao-dentaria\/#primaryimage","url":"https:\/\/odontoapeles.com.br\/dentista\/clinica-odontologica\/zona-sul\/wp-content\/uploads\/2016\/04\/ma-oclusao-dental.jpg","contentUrl":"https:\/\/odontoapeles.com.br\/dentista\/clinica-odontologica\/zona-sul\/wp-content\/uploads\/2016\/04\/ma-oclusao-dental.jpg","width":1280,"height":681,"caption":"M\u00c1 OCLUS\u00c3O DENT\u00c1RIA"},{"@type":"BreadcrumbList","@id":"https:\/\/odontoapeles.com.br\/dentista\/clinica-odontologica\/zona-sul\/ma-oclusao-dentaria\/#breadcrumb","itemListElement":[{"@type":"ListItem","position":1,"name":"In\u00edcio","item":"https:\/\/odontoapeles.com.br\/dentista\/clinica-odontologica\/zona-sul\/"},{"@type":"ListItem","position":2,"name":"M\u00e1 Oclus\u00e3o Dent\u00e1ria"}]},{"@type":"WebSite","@id":"https:\/\/odontoapeles.com.br\/dentista\/clinica-odontologica\/zona-sul\/#website","url":"https:\/\/odontoapeles.com.br\/dentista\/clinica-odontologica\/zona-sul\/","name":"Dentista Zona Sul SP - Odontologia Apeles Lemos - 5563-5471","description":"Refer\u00eancia h\u00e1 30 anos em Odontologia, Cl\u00ednica Odontol\u00f3gica, Cl\u00ednica Dent\u00e1ria e Dentista Zona Sul SP. Whats App: 9 4624-0000. Dentista Zona Sul SP - Odontologia Apeles Lemos - 5563-5471","publisher":{"@id":"https:\/\/odontoapeles.com.br\/dentista\/clinica-odontologica\/zona-sul\/#organization"},"potentialAction":[{"@type":"SearchAction","target":{"@type":"EntryPoint","urlTemplate":"https:\/\/odontoapeles.com.br\/dentista\/clinica-odontologica\/zona-sul\/?s={search_term_string}"},"query-input":{"@type":"PropertyValueSpecification","valueRequired":true,"valueName":"search_term_string"}}],"inLanguage":"pt-BR"},{"@type":"Organization","@id":"https:\/\/odontoapeles.com.br\/dentista\/clinica-odontologica\/zona-sul\/#organization","name":"Dentista Zona Sul SP - Odontologia Apeles Lemos - 5563-5471","url":"https:\/\/odontoapeles.com.br\/dentista\/clinica-odontologica\/zona-sul\/","logo":{"@type":"ImageObject","inLanguage":"pt-BR","@id":"https:\/\/odontoapeles.com.br\/dentista\/clinica-odontologica\/zona-sul\/#\/schema\/logo\/image\/","url":"https:\/\/odontoapeles.com.br\/dentista\/clinica-odontologica\/zona-sul\/wp-content\/uploads\/2018\/05\/logo.png","contentUrl":"https:\/\/odontoapeles.com.br\/dentista\/clinica-odontologica\/zona-sul\/wp-content\/uploads\/2018\/05\/logo.png","width":443,"height":190,"caption":"Dentista Zona Sul SP - Odontologia Apeles Lemos - 5563-5471"},"image":{"@id":"https:\/\/odontoapeles.com.br\/dentista\/clinica-odontologica\/zona-sul\/#\/schema\/logo\/image\/"},"sameAs":["https:\/\/www.facebook.com\/odontoapeles"]},{"@type":"Person","@id":"https:\/\/odontoapeles.com.br\/dentista\/clinica-odontologica\/zona-sul\/#\/schema\/person\/e05aefb4aac5b48d28fe5ef123d5e991","name":"administrador","image":{"@type":"ImageObject","inLanguage":"pt-BR","@id":"https:\/\/odontoapeles.com.br\/dentista\/clinica-odontologica\/zona-sul\/#\/schema\/person\/image\/","url":"https:\/\/secure.gravatar.com\/avatar\/e3089e6fb36c5ac23fe49c3206f06570?s=96&d=mm&r=g","contentUrl":"https:\/\/secure.gravatar.com\/avatar\/e3089e6fb36c5ac23fe49c3206f06570?s=96&d=mm&r=g","caption":"administrador"}}]}},"_links":{"self":[{"href":"https:\/\/odontoapeles.com.br\/dentista\/clinica-odontologica\/zona-sul\/wp-json\/wp\/v2\/posts\/3300","targetHints":{"allow":["GET"]}}],"collection":[{"href":"https:\/\/odontoapeles.com.br\/dentista\/clinica-odontologica\/zona-sul\/wp-json\/wp\/v2\/posts"}],"about":[{"href":"https:\/\/odontoapeles.com.br\/dentista\/clinica-odontologica\/zona-sul\/wp-json\/wp\/v2\/types\/post"}],"author":[{"embeddable":true,"href":"https:\/\/odontoapeles.com.br\/dentista\/clinica-odontologica\/zona-sul\/wp-json\/wp\/v2\/users\/1"}],"replies":[{"embeddable":true,"href":"https:\/\/odontoapeles.com.br\/dentista\/clinica-odontologica\/zona-sul\/wp-json\/wp\/v2\/comments?post=3300"}],"version-history":[{"count":0,"href":"https:\/\/odontoapeles.com.br\/dentista\/clinica-odontologica\/zona-sul\/wp-json\/wp\/v2\/posts\/3300\/revisions"}],"wp:featuredmedia":[{"embeddable":true,"href":"https:\/\/odontoapeles.com.br\/dentista\/clinica-odontologica\/zona-sul\/wp-json\/wp\/v2\/media\/3301"}],"wp:attachment":[{"href":"https:\/\/odontoapeles.com.br\/dentista\/clinica-odontologica\/zona-sul\/wp-json\/wp\/v2\/media?parent=3300"}],"wp:term":[{"taxonomy":"category","embeddable":true,"href":"https:\/\/odontoapeles.com.br\/dentista\/clinica-odontologica\/zona-sul\/wp-json\/wp\/v2\/categories?post=3300"},{"taxonomy":"post_tag","embeddable":true,"href":"https:\/\/odontoapeles.com.br\/dentista\/clinica-odontologica\/zona-sul\/wp-json\/wp\/v2\/tags?post=3300"}],"curies":[{"name":"wp","href":"https:\/\/api.w.org\/{rel}","templated":true}]}}