{"id":17277,"date":"2022-01-30T04:37:30","date_gmt":"2022-01-30T04:37:30","guid":{"rendered":"https:\/\/odontoapeles.com.br\/dentista\/clinica-odontologica\/zona-sul\/?p=17277"},"modified":"2022-06-23T20:09:30","modified_gmt":"2022-06-23T20:09:30","slug":"halitose","status":"publish","type":"post","link":"https:\/\/odontoapeles.com.br\/dentista\/clinica-odontologica\/zona-sul\/halitose\/","title":{"rendered":"Halitose"},"content":{"rendered":"<h4><span style=\"color: #008000;\">Halitose &#8211; Introdu\u00e7\u00e3o:<\/span><\/h4>\n<p style=\"text-align: justify;\">A halitose, conhecida popularmente como mau-h\u00e1lito, pode causar danos terr\u00edveis \u00e0 vida social, profissional e conjugal das pessoas.<\/p>\n<p style=\"text-align: justify;\">Al\u00e9m desses problemas, a halitose \u00e9 motivo de ansiedade, inseguran\u00e7a, baixa auto-estima, depress\u00e3o e outros tipos de transtornos psicol\u00f3gicos-psiqui\u00e1tricos.<\/p>\n<p style=\"text-align: justify;\">O indiv\u00edduo afetado, quando n\u00e3o consegue se livrar deste dist\u00farbio, acaba por se excluir do conv\u00edvio com as outras pessoas.<\/p>\n<p style=\"text-align: justify;\"><a class=\"dt-pswp-item\" href=\"https:\/\/odontoapeles.com.br\/dentista\/clinica-odontologica\/zona-sul\/wp-content\/uploads\/2022\/01\/get-rid-of-bad-breath-1.jpeg\" data-dt-img-description=\"\" data-large_image_width=\"2000\" data-large_image_height=\"1333\"><img decoding=\"async\" class=\"size-thumbnail wp-image-17289 alignleft\" src=\"https:\/\/odontoapeles.com.br\/dentista\/clinica-odontologica\/zona-sul\/wp-content\/uploads\/2022\/01\/get-rid-of-bad-breath-1-150x150.jpeg\" alt=\"\" width=\"150\" height=\"150\" srcset=\"https:\/\/odontoapeles.com.br\/dentista\/clinica-odontologica\/zona-sul\/wp-content\/uploads\/2022\/01\/get-rid-of-bad-breath-1-150x150.jpeg 150w, https:\/\/odontoapeles.com.br\/dentista\/clinica-odontologica\/zona-sul\/wp-content\/uploads\/2022\/01\/get-rid-of-bad-breath-1-32x32.jpeg 32w, https:\/\/odontoapeles.com.br\/dentista\/clinica-odontologica\/zona-sul\/wp-content\/uploads\/2022\/01\/get-rid-of-bad-breath-1-45x45.jpeg 45w\" sizes=\"(max-width: 150px) 100vw, 150px\" \/><\/a>Na maioria dos casos, a pessoa portadora do mau-h\u00e1lito, acaba por n\u00e3o perceb\u00ea-lo, em fun\u00e7\u00e3o de uma condi\u00e7\u00e3o que se denomina &#8220;<a href=\"https:\/\/www.uol\/noticias\/conteudo-de-marca\/colgate-xo-mau-halito.htm#xo-mau-halito\">fadiga olfativa<\/a>&#8220;.<\/p>\n<p style=\"text-align: justify;\">Isto porque quando um odor \u00e9 constante, seja agrad\u00e1vel (perfume) ou n\u00e3o (a pr\u00f3pria halitose), as c\u00e9lulas olfativas se adaptam e acabam por deixar de reconhec\u00ea-lo.<\/p>\n<p style=\"text-align: justify;\">Como resultado, as pessoas envolvidas acabam por n\u00e3o perceber seu pr\u00f3prio cheiro corporal ou seu mau-h\u00e1lito, ao contr\u00e1rio das pessoas de sua conviv\u00eancia, as quais por constrangimento, acabam por n\u00e3o inform\u00e1-las sobre o problema.<\/p>\n<p style=\"text-align: justify;\">Identificar precocemente as causas da halitose tem ganhado papel de destaque na Odontologia, devido \u00e0s suas m\u00faltiplas causas, as quais podem ter origem local ou sist\u00eamica.<\/p>\n<p>&nbsp;<\/p>\n<h4><span style=\"color: #008000;\">Halitose &#8211; Causas de Origem Local:<\/span><\/h4>\n<p style=\"text-align: justify;\"><strong>1<\/strong>. <strong>C\u00e1ries dent\u00e1rias e doen\u00e7as gengivais:<\/strong> s\u00e3o causadas por bact\u00e9rias bucais que se instalam nas cavidades dent\u00e1rias (casos das c\u00e1ries) e que penetram nos sulcos das gengivas (casos das doen\u00e7as gengivais), as quais proliferam intensamente nestas regi\u00f5es, liberando odores f\u00e9tidos.<\/p>\n<p style=\"text-align: justify;\"><strong>2. Saburra lingual:<\/strong> popularmente conhecida como l\u00edngua branca, \u00e9 uma ocorr\u00eancia comum, a qual decorre principalmente devido \u00e0 higieniza\u00e7\u00e3o prec\u00e1ria da l\u00edngua e consiste numa esp\u00e9cie de placa esbranqui\u00e7ada com textura pastosa, a qual aparece sobre sua superf\u00edcie.<\/p>\n<p style=\"text-align: justify;\">A saburra lingual \u00e9 composta por <a href=\"https:\/\/saude.abril.com.br\/blog\/cuide-da-sua-boca\/bacterias-na-boca-quando-elas-viram-um-perigo\/\">bact\u00e9rias bucais<\/a>, massas de c\u00e9lulas descamadas da boca, muco da saliva e restos alimentares que se aderem continuamente \u00e0 superf\u00edcie da l\u00edngua, constituindo-se numa das maiores causas do aparecimento da halitose.<\/p>\n<div id=\"attachment_17282\" style=\"width: 285px\" class=\"wp-caption alignleft\"><a class=\"dt-pswp-item\" href=\"https:\/\/odontoapeles.com.br\/dentista\/clinica-odontologica\/zona-sul\/wp-content\/uploads\/2022\/01\/RASPADOR-DE-LINGUA.jpg\" data-dt-img-description=\"RASPADOR DE L\u00cdNGUA\" data-large_image_width=\"275\" data-large_image_height=\"183\"><img fetchpriority=\"high\" decoding=\"async\" aria-describedby=\"caption-attachment-17282\" class=\"wp-image-17282 size-full\" src=\"https:\/\/odontoapeles.com.br\/dentista\/clinica-odontologica\/zona-sul\/wp-content\/uploads\/2022\/01\/RASPADOR-DE-LINGUA.jpg\" alt=\"Halitose na Zona Sul SP\" width=\"275\" height=\"183\" srcset=\"https:\/\/odontoapeles.com.br\/dentista\/clinica-odontologica\/zona-sul\/wp-content\/uploads\/2022\/01\/RASPADOR-DE-LINGUA.jpg 275w, https:\/\/odontoapeles.com.br\/dentista\/clinica-odontologica\/zona-sul\/wp-content\/uploads\/2022\/01\/RASPADOR-DE-LINGUA-18x12.jpg 18w\" sizes=\"(max-width: 275px) 100vw, 275px\" \/><\/a><p id=\"caption-attachment-17282\" class=\"wp-caption-text\"><strong><span style=\"color: #ff6600;\">RASPADOR DE L\u00cdNGUA<\/span><\/strong><\/p><\/div>\n<p style=\"text-align: justify;\">Muitas pessoas focam apenas os dentes e as gengivas durante a pr\u00e1tica da higieniza\u00e7\u00e3o bucal.<\/p>\n<p style=\"text-align: justify;\">Por isso, acabam por descuidar-se da higiene da l\u00edngua, a qual possui uma constitui\u00e7\u00e3o anat\u00f4mica e textura superficial rugosa que favorece o ac\u00famulo de bact\u00e9rias e res\u00edduos bucais diversos.<\/p>\n<p style=\"text-align: justify;\">Por isso, \u00e9 fundamental o uso regular dos raspadores de l\u00edngua, raspando a l\u00edngua diversas vezes na dire\u00e7\u00e3o do fundo para sua ponta, por v\u00e1rias vezes.<\/p>\n<p style=\"text-align: justify;\"><strong>3. Pr\u00f3teses fixas mal adaptadas:<\/strong> coroas dent\u00e1rias em porcelana, quando n\u00e3o se ajustam perfeitamente \u00e0s margens dos dentes, criam uma fenda ou espa\u00e7o favor\u00e1vel ao ac\u00famulo de bact\u00e9rias e res\u00edduos alimentares.<\/p>\n<p style=\"text-align: justify;\"><strong>4.<\/strong> <strong>Pr\u00f3teses m\u00f3veis mal higienizadas: <\/strong>dentaduras ou pontes m\u00f3veis s\u00e3o confeccionadas utilizando-se grande quantidade de resina acr\u00edlica, raz\u00e3o pela qual, com o passar do tempo, perdem seu melhor polimento inicial e tornam-se um tanto porosas. Essas porosidades das pr\u00f3teses acabam por reter bact\u00e9rias em suas superf\u00edcies, as quais formam crostas chamadas de placa bacteriana, as quais, se n\u00e3o removidas, passam por um processo de calcifica\u00e7\u00e3o e transformam-se no t\u00e1rtaro dental. Portanto a minuciosa higiene di\u00e1ria destas pr\u00f3teses \u00e9 pr\u00e9-requisito para a preven\u00e7\u00e3o da halitose.<\/p>\n<p style=\"text-align: justify;\"><strong>5. Altera\u00e7\u00f5es do fluxo da saliva: <\/strong>redu\u00e7\u00f5es do fluxo salivar levam ao ressecamento da boca e oferecem condi\u00e7\u00f5es para uma maior prolifera\u00e7\u00e3o das bact\u00e9rias bucais, uma vez que a a\u00e7\u00e3o de lavagem da cavidade bucal promovida pela saliva fica prejudicada.<\/p>\n<p>&nbsp;<\/p>\n<h4><span style=\"color: #008000;\">Halitose &#8211; Causas de Sist\u00eamica:<\/span><\/h4>\n<p style=\"text-align: justify;\"><strong>1.<\/strong> <strong>Doen\u00e7as respirat\u00f3rias &#8211;\u00a0 rinite e sinusite: <\/strong>as secre\u00e7\u00f5es inflamat\u00f3rias produzidas por essas doen\u00e7as levam ao ac\u00famulo de muco em excesso na regi\u00e3o de garganta, criando condi\u00e7\u00f5es para o ac\u00famulo e prolifera\u00e7\u00e3o de bact\u00e9rias, as quais produzem h\u00e1lito desagrad\u00e1vel.<\/p>\n<p style=\"text-align: justify;\"><strong>2<\/strong>. <strong>Doen\u00e7as digestivas:<\/strong> o refluxo gastro-esof\u00e1gico consiste num dist\u00farbio em que os \u00e1cidos estomacais retornam para o es\u00f4fago ap\u00f3s as refei\u00e7\u00f5es, podendo resultar na forma\u00e7\u00e3o de gases com odores desagrad\u00e1veis. Outras doen\u00e7as que atingem o aparelho digestivo podem prejudicar o esvaziamento do est\u00f4mago, causando halitose devido \u00e0 fermenta\u00e7\u00e3o do alimento por bact\u00e9rias.<\/p>\n<p style=\"text-align: justify;\"><strong>3. Altera\u00e7\u00f5es metab\u00f3licas: <\/strong>doen\u00e7as como o diabete podem resultar na redu\u00e7\u00e3o do fluxo salivar (boca seca). Por outro lado, a elimina\u00e7\u00e3o dos carboidratos da dieta, necess\u00e1ria ao controle desta doen\u00e7a, deixa o organisno sem sua principal fonte de energia, a glicose. Como resultado, a glicose \u00e9 adquirida por outras vias, sendo uma delas a quebara dos \u00e1cidos graxos, ou as gorduras, que acabam levando \u00e0 libera\u00e7\u00e3o dos chamados &#8220;corpos cet\u00f4nicos&#8221;. Estas subst\u00e2ncias geram o h\u00e1lito de acetona (h\u00e1lito cet\u00f4nico), causando tamb\u00e9m halitose.<\/p>\n<p style=\"text-align: justify;\"><strong>4. H\u00e1bitos alimentares pouco saud\u00e1veis: <\/strong>o enxofre \u00e9 um elemento qu\u00edmico muito vol\u00e1til, podendo gerar mau-h\u00e1lito. Portanto, alimentos ricos nesta subst\u00e2ncia, tais como repolho, couve-flor, br\u00f3colis, alcachofra, entre outros, n\u00e3o devem ser consumidos em excesso, mas sim com bom senso e equil\u00edbrio, pois exalam um forte odor.<\/p>\n<p style=\"text-align: justify;\"><strong>5<\/strong>. <strong>H\u00e1bitos nocivos:<\/strong> tabagismo e alcoolismo, evidentemente, contribuem para o aparecimento do mau-h\u00e1lito. O cigarro cont\u00e9m in\u00fameras subst\u00e2ncias qu\u00edmicas malcheirosas e o \u00e1lcool \u00e9 eliminado pelo pulm\u00e3o, resultando em odor tipicamente desagrad\u00e1vel.<\/p>\n<p><a class=\"dt-single-image\" href=\"https:\/\/odontoapeles.com.br\/dentista\/clinica-odontologica\/zona-sul\/wp-content\/uploads\/2018\/08\/cabecalho-11.png\" data-dt-img-description=\"\"><img decoding=\"async\" class=\"alignnone wp-image-10843 size-full\" title=\"Diferen\u00e7as - Limpeza e Raspagem Dent\u00e1rias Zona Sul SP\" src=\"https:\/\/odontoapeles.com.br\/dentista\/clinica-odontologica\/zona-sul\/wp-content\/uploads\/2018\/08\/cabecalho-11.png\" alt=\"Diferen\u00e7as - Limpeza e Raspagem Dent\u00e1rias\" width=\"910\" height=\"272\" srcset=\"https:\/\/odontoapeles.com.br\/dentista\/clinica-odontologica\/zona-sul\/wp-content\/uploads\/2018\/08\/cabecalho-11.png 910w, https:\/\/odontoapeles.com.br\/dentista\/clinica-odontologica\/zona-sul\/wp-content\/uploads\/2018\/08\/cabecalho-11-300x90.png 300w, https:\/\/odontoapeles.com.br\/dentista\/clinica-odontologica\/zona-sul\/wp-content\/uploads\/2018\/08\/cabecalho-11-768x230.png 768w, https:\/\/odontoapeles.com.br\/dentista\/clinica-odontologica\/zona-sul\/wp-content\/uploads\/2018\/08\/cabecalho-11-600x179.png 600w\" sizes=\"(max-width: 910px) 100vw, 910px\" \/><\/a><\/p>\n<div class=\"caldera-grid\" id=\"caldera_form_1\" data-cf-ver=\"1.9.7\" data-cf-form-id=\"CF5b00382b5a25d\"><div id=\"caldera_notices_1\" data-spinner=\"https:\/\/odontoapeles.com.br\/dentista\/clinica-odontologica\/zona-sul\/wp-admin\/images\/spinner.gif\"><\/div><form data-instance=\"1\" class=\"CF5b00382b5a25d caldera_forms_form cfajax-trigger\" method=\"POST\" enctype=\"multipart\/form-data\" id=\"CF5b00382b5a25d_1\" data-form-id=\"CF5b00382b5a25d\" aria-label=\"FALE CONOSCO\" data-target=\"#caldera_notices_1\" data-template=\"#cfajax_CF5b00382b5a25d-tmpl\" data-cfajax=\"CF5b00382b5a25d\" data-load-element=\"_parent\" data-load-class=\"cf_processing\" data-post-disable=\"0\" data-action=\"cf_process_ajax_submit\" data-request=\"https:\/\/odontoapeles.com.br\/dentista\/clinica-odontologica\/zona-sul\/cf-api\/CF5b00382b5a25d\" data-hiderows=\"true\">\r\n<input type=\"hidden\" id=\"_cf_verify_CF5b00382b5a25d\" name=\"_cf_verify\" value=\"b0b7f0dd92\"  data-nonce-time=\"1777632860\" \/><input type=\"hidden\" name=\"_wp_http_referer\" value=\"\/dentista\/clinica-odontologica\/zona-sul\/wp-json\/wp\/v2\/posts\/17277\" \/><div id=\"cf2-CF5b00382b5a25d_1\"><\/div><input type=\"hidden\" name=\"_cf_frm_id\" value=\"CF5b00382b5a25d\">\r\n<input type=\"hidden\" name=\"_cf_frm_ct\" value=\"1\">\r\n<input type=\"hidden\" name=\"cfajax\" value=\"CF5b00382b5a25d\">\r\n<input type=\"hidden\" name=\"_cf_cr_pst\" value=\"17277\">\r\n<div class=\"hide\" style=\"display:none; overflow:hidden;height:0;width:0;\">\r\n<label>Twitter<\/label><input type=\"text\" name=\"twitter\" value=\"\" autocomplete=\"off\">\r\n<\/div><div id=\"CF5b00382b5a25d_1-row-1\"  class=\"row  first_row\"><div  class=\"col-sm-12  single\"><div class=\"\"><\/div><\/div><\/div><div id=\"CF5b00382b5a25d_1-row-2\"  class=\"row \"><div  class=\"col-sm-4  first_col\"><div data-field-wrapper=\"fld_8768091\" class=\"form-group\" id=\"fld_8768091_1-wrap\">\r\n\t<label id=\"fld_8768091Label\" for=\"fld_8768091_1\" class=\"control-label\">Nome <span aria-hidden=\"true\" role=\"presentation\" class=\"field_required\" style=\"color:#ee0000;\">*<\/span><\/label>\r\n\t<div class=\"\">\r\n\t\t<input   required type=\"text\" data-field=\"fld_8768091\" class=\" form-control\" id=\"fld_8768091_1\" name=\"fld_8768091\" value=\"\" data-type=\"text\" aria-required=\"true\"   aria-labelledby=\"fld_8768091Label\" >\t\t\t<\/div>\r\n<\/div>\r\n<div data-field-wrapper=\"fld_9286608\" class=\"form-group\" id=\"fld_9286608_1-wrap\">\r\n\t<label id=\"fld_9286608Label\" for=\"fld_9286608_1\" class=\"control-label\">WhatsApp<\/label>\r\n\t<div class=\"\">\r\n\t\t<input    type=\"text\" data-field=\"fld_9286608\" class=\" form-control\" id=\"fld_9286608_1\" name=\"fld_9286608\" value=\"\" data-type=\"text\"   aria-labelledby=\"fld_9286608Label\" >\t\t\t<\/div>\r\n<\/div>\r\n<\/div><div  class=\"col-sm-4 \"><div data-field-wrapper=\"fld_9970286\" class=\"form-group\" id=\"fld_9970286_1-wrap\">\r\n\t<label id=\"fld_9970286Label\" for=\"fld_9970286_1\" class=\"control-label\">Telefone <span aria-hidden=\"true\" role=\"presentation\" class=\"field_required\" style=\"color:#ee0000;\">*<\/span><\/label>\r\n\t<div class=\"\">\r\n\t\t<input   required type=\"text\" data-field=\"fld_9970286\" class=\" form-control\" id=\"fld_9970286_1\" name=\"fld_9970286\" value=\"\" data-type=\"text\" aria-required=\"true\"   aria-labelledby=\"fld_9970286Label\" >\t\t\t<\/div>\r\n<\/div>\r\n<div data-field-wrapper=\"fld_8026901\" class=\"form-group\" id=\"fld_8026901_1-wrap\">\r\n\t<label id=\"fld_8026901Label\" for=\"fld_8026901_1\" class=\"control-label\">Como nos Conheceu?<\/label>\r\n\t<div class=\"\">\r\n\t\t<select name=\"fld_8026901\" value=\"opt1754659\" data-field=\"fld_8026901\" class=\"form-control\" id=\"fld_8026901_1\"    aria-labelledby=\"fld_8026901Label\" >\n\t\t\t\t\t\t\t<option value=\"Google\" selected=\"selected\" data-calc-value=\"Google\" >\n\t\t\t\t\t\tGoogle\t\t\t\t\t<\/option>\n\t\t\t\t\t\t\t\t\t\t<option value=\"Facebook\"  data-calc-value=\"Facebook\" >\n\t\t\t\t\t\tFacebook\t\t\t\t\t<\/option>\n\t\t\t\t\t\t\t\t\t\t<option value=\"Instagram\"  data-calc-value=\"Instagram\" >\n\t\t\t\t\t\tInstagram\t\t\t\t\t<\/option>\n\t\t\t\t\t\t\t\t\t\t<option value=\"Indica\u00e7\u00e3o\"  data-calc-value=\"Indica\u00e7\u00e3o\" >\n\t\t\t\t\t\tIndica\u00e7\u00e3o\t\t\t\t\t<\/option>\n\t\t\t\t\t\t\t\t\t\t<option value=\"Placa\"  data-calc-value=\"Placa\" >\n\t\t\t\t\t\tPlaca\t\t\t\t\t<\/option>\n\t\t\t\t\t\t\t\t\t\t<option value=\"Outros\"  data-calc-value=\"Outros\" >\n\t\t\t\t\t\tOutros\t\t\t\t\t<\/option>\n\t\t\t\t\t\t\t<\/select>\n\t\t\t<\/div>\r\n<\/div>\r\n<\/div><div  class=\"col-sm-4  last_col\"><div data-field-wrapper=\"fld_6009157\" class=\"form-group\" id=\"fld_6009157_1-wrap\">\r\n\t<label id=\"fld_6009157Label\" for=\"fld_6009157_1\" class=\"control-label\">Endere\u00e7o de E-mail <span aria-hidden=\"true\" role=\"presentation\" class=\"field_required\" style=\"color:#ee0000;\">*<\/span><\/label>\r\n\t<div class=\"\">\r\n\t\t<input   required type=\"email\" data-field=\"fld_6009157\" class=\" form-control\" id=\"fld_6009157_1\" name=\"fld_6009157\" value=\"\" data-type=\"email\" aria-required=\"true\"   aria-labelledby=\"fld_6009157Label\" >\t\t\t<\/div>\r\n<\/div>\r\n<div data-field-wrapper=\"fld_2601416\" class=\"form-group\" id=\"fld_2601416_1-wrap\">\r\n\t<label id=\"fld_2601416Label\" for=\"fld_2601416_1\" class=\"control-label\">Que Tratamento Deseja Realizar?<\/label>\r\n\t<div class=\"\">\r\n\t\t<select name=\"fld_2601416\" value=\"\" data-field=\"fld_2601416\" class=\"form-control\" id=\"fld_2601416_1\"    aria-labelledby=\"fld_2601416Label\" >\n\t\t<option value=\"\"><\/option>\r\n\t\t\t\t\t<option value=\"Harmoniza\u00e7\u00e3o Orofacial\"  data-calc-value=\"Harmoniza\u00e7\u00e3o Orofacial\" >\n\t\t\t\t\t\tHarmoniza\u00e7\u00e3o Orofacial\t\t\t\t\t<\/option>\n\t\t\t\t\t\t\t\t\t\t<option value=\"Botox e Preenchimento Facial\"  data-calc-value=\"Botox e Preenchimento Facial\" >\n\t\t\t\t\t\tBotox e Preenchimento Facial\t\t\t\t\t<\/option>\n\t\t\t\t\t\t\t\t\t\t<option value=\"Bichectomia\"  data-calc-value=\"Bichectomia\" >\n\t\t\t\t\t\tBichectomia\t\t\t\t\t<\/option>\n\t\t\t\t\t\t\t\t\t\t<option value=\"Lipo de Papada\"  data-calc-value=\"Lipo de Papada\" >\n\t\t\t\t\t\tLipo de Papada\t\t\t\t\t<\/option>\n\t\t\t\t\t\t\t\t\t\t<option value=\"Jato de Plasma\"  data-calc-value=\"Jato de Plasma\" >\n\t\t\t\t\t\tJato de Plasma\t\t\t\t\t<\/option>\n\t\t\t\t\t\t\t\t\t\t<option value=\"Odontologia Est\u00e9tica\"  data-calc-value=\"Odontologia Est\u00e9tica\" >\n\t\t\t\t\t\tOdontologia Est\u00e9tica\t\t\t\t\t<\/option>\n\t\t\t\t\t\t\t\t\t\t<option value=\"Rinomodela\u00e7\u00e3o\"  data-calc-value=\"Rinomodela\u00e7\u00e3o\" >\n\t\t\t\t\t\tRinomodela\u00e7\u00e3o\t\t\t\t\t<\/option>\n\t\t\t\t\t\t\t\t\t\t<option value=\"Implantes Dent\u00e1rios\"  data-calc-value=\"Implantes Dent\u00e1rios\" >\n\t\t\t\t\t\tImplantes Dent\u00e1rios\t\t\t\t\t<\/option>\n\t\t\t\t\t\t\t\t\t\t<option value=\"Clareamento Dental\"  data-calc-value=\"Clareamento Dental\" >\n\t\t\t\t\t\tClareamento Dental\t\t\t\t\t<\/option>\n\t\t\t\t\t\t\t\t\t\t<option value=\"Ortodontia\"  data-calc-value=\"Ortodontia\" >\n\t\t\t\t\t\tOrtodontia\t\t\t\t\t<\/option>\n\t\t\t\t\t\t\t\t\t\t<option value=\"Endodontia\"  data-calc-value=\"Endodontia\" >\n\t\t\t\t\t\tEndodontia\t\t\t\t\t<\/option>\n\t\t\t\t\t\t\t\t\t\t<option value=\"Pr\u00f3tese Dental\"  data-calc-value=\"Pr\u00f3tese Dental\" >\n\t\t\t\t\t\tPr\u00f3tese Dental\t\t\t\t\t<\/option>\n\t\t\t\t\t\t\t\t\t\t<option value=\"Periodontia\"  data-calc-value=\"Periodontia\" >\n\t\t\t\t\t\tPeriodontia\t\t\t\t\t<\/option>\n\t\t\t\t\t\t\t\t\t\t<option value=\"Cirurgia Oral\"  data-calc-value=\"Cirurgia Oral\" >\n\t\t\t\t\t\tCirurgia Oral\t\t\t\t\t<\/option>\n\t\t\t\t\t\t\t<\/select>\n\t\t\t<\/div>\r\n<\/div>\r\n<\/div><\/div><div id=\"CF5b00382b5a25d_1-row-3\"  class=\"row \"><div  class=\"col-sm-12  single\"><div data-field-wrapper=\"fld_8340154\" class=\"form-group\" id=\"fld_8340154_1-wrap\">\r\n\t<label id=\"fld_8340154Label\" for=\"fld_8340154_1\" class=\"control-label\">Sua Mensagem<\/label>\r\n\t<div class=\"\">\r\n\t\t<textarea name=\"fld_8340154\" value=\"\" data-field=\"fld_8340154\" class=\"form-control\" id=\"fld_8340154_1\" rows=\"4\"    aria-labelledby=\"fld_8340154Label\" ><\/textarea>\n\t\t\t<\/div>\r\n<\/div>\r\n<div class=\"\"><p><\/p>\n<\/div><\/div><\/div><div id=\"CF5b00382b5a25d_1-row-4\"  class=\"row  last_row\"><div  class=\"col-sm-12  single\"><div data-field-wrapper=\"fld_7908577\" class=\"form-group\" id=\"fld_7908577_1-wrap\">\r\n<div class=\"\">\r\n\t<input  class=\"btn btn-default\" type=\"submit\" name=\"fld_7908577\" id=\"fld_7908577_1\" value=\"Enviar Mensagem\" data-field=\"fld_7908577\"  >\n<\/div>\r\n<\/div>\r\n\t<input class=\"button_trigger_1\" type=\"hidden\" name=\"fld_7908577\" id=\"fld_7908577_1_btn\" value=\"\" data-field=\"fld_7908577\"  \/>\n<\/div><\/div><\/form>\r\n<\/div>\r\n\n","protected":false},"excerpt":{"rendered":"<p>Halitose &#8211; Introdu\u00e7\u00e3o: A halitose, conhecida popularmente como mau-h\u00e1lito, pode causar danos terr\u00edveis \u00e0 vida social, profissional e conjugal das pessoas. Al\u00e9m desses problemas, a halitose \u00e9 motivo de ansiedade, inseguran\u00e7a, baixa auto-estima, depress\u00e3o e outros tipos de transtornos psicol\u00f3gicos-psiqui\u00e1tricos. O indiv\u00edduo afetado, quando n\u00e3o consegue se livrar deste dist\u00farbio, acaba por se excluir do&hellip;<\/p>\n","protected":false},"author":1,"featured_media":17280,"comment_status":"open","ping_status":"open","sticky":false,"template":"","format":"standard","meta":{"_joinchat":[],"footnotes":""},"categories":[1],"tags":[],"class_list":["post-17277","post","type-post","status-publish","format-standard","has-post-thumbnail","hentry","category-artigos-odontologicos","category-1","description-off"],"yoast_head":"<!-- This site is optimized with the Yoast SEO Premium plugin v22.1 (Yoast SEO v25.8) - https:\/\/yoast.com\/wordpress\/plugins\/seo\/ -->\n<title>Halitose Zona Sul SP - Odontologia Apeles Lemos - (11) 5563-5471<\/title>\n<meta name=\"description\" content=\"A halitose ou mau-h\u00e1lito pode ter v\u00e1rias causas, as quais devem ser identificadas para n\u00e3o comprometer a auto-estima das pessoas afetadas.\" \/>\n<meta name=\"robots\" content=\"index, follow, max-snippet:-1, max-image-preview:large, max-video-preview:-1\" \/>\n<link rel=\"canonical\" href=\"https:\/\/odontoapeles.com.br\/dentista\/clinica-odontologica\/zona-sul\/halitose\/\" \/>\n<meta name=\"twitter:label1\" content=\"Escrito por\" \/>\n\t<meta name=\"twitter:data1\" content=\"administrador\" \/>\n\t<meta name=\"twitter:label2\" content=\"Est. tempo de leitura\" \/>\n\t<meta name=\"twitter:data2\" content=\"5 minutos\" \/>\n<script type=\"application\/ld+json\" class=\"yoast-schema-graph\">{\"@context\":\"https:\/\/schema.org\",\"@graph\":[{\"@type\":\"Article\",\"@id\":\"https:\/\/odontoapeles.com.br\/dentista\/clinica-odontologica\/zona-sul\/halitose\/#article\",\"isPartOf\":{\"@id\":\"https:\/\/odontoapeles.com.br\/dentista\/clinica-odontologica\/zona-sul\/halitose\/\"},\"author\":{\"name\":\"administrador\",\"@id\":\"https:\/\/odontoapeles.com.br\/dentista\/clinica-odontologica\/zona-sul\/#\/schema\/person\/e05aefb4aac5b48d28fe5ef123d5e991\"},\"headline\":\"Halitose\",\"datePublished\":\"2022-01-30T04:37:30+00:00\",\"dateModified\":\"2022-06-23T20:09:30+00:00\",\"mainEntityOfPage\":{\"@id\":\"https:\/\/odontoapeles.com.br\/dentista\/clinica-odontologica\/zona-sul\/halitose\/\"},\"wordCount\":922,\"commentCount\":0,\"publisher\":{\"@id\":\"https:\/\/odontoapeles.com.br\/dentista\/clinica-odontologica\/zona-sul\/#organization\"},\"image\":{\"@id\":\"https:\/\/odontoapeles.com.br\/dentista\/clinica-odontologica\/zona-sul\/halitose\/#primaryimage\"},\"thumbnailUrl\":\"https:\/\/odontoapeles.com.br\/dentista\/clinica-odontologica\/zona-sul\/wp-content\/uploads\/2022\/01\/image-asset.png\",\"articleSection\":[\"Artigos Odontol\u00f3gicos\"],\"inLanguage\":\"pt-BR\",\"potentialAction\":[{\"@type\":\"CommentAction\",\"name\":\"Comment\",\"target\":[\"https:\/\/odontoapeles.com.br\/dentista\/clinica-odontologica\/zona-sul\/halitose\/#respond\"]}]},{\"@type\":\"WebPage\",\"@id\":\"https:\/\/odontoapeles.com.br\/dentista\/clinica-odontologica\/zona-sul\/halitose\/\",\"url\":\"https:\/\/odontoapeles.com.br\/dentista\/clinica-odontologica\/zona-sul\/halitose\/\",\"name\":\"Halitose Zona Sul SP - Odontologia Apeles Lemos - (11) 5563-5471\",\"isPartOf\":{\"@id\":\"https:\/\/odontoapeles.com.br\/dentista\/clinica-odontologica\/zona-sul\/#website\"},\"primaryImageOfPage\":{\"@id\":\"https:\/\/odontoapeles.com.br\/dentista\/clinica-odontologica\/zona-sul\/halitose\/#primaryimage\"},\"image\":{\"@id\":\"https:\/\/odontoapeles.com.br\/dentista\/clinica-odontologica\/zona-sul\/halitose\/#primaryimage\"},\"thumbnailUrl\":\"https:\/\/odontoapeles.com.br\/dentista\/clinica-odontologica\/zona-sul\/wp-content\/uploads\/2022\/01\/image-asset.png\",\"datePublished\":\"2022-01-30T04:37:30+00:00\",\"dateModified\":\"2022-06-23T20:09:30+00:00\",\"description\":\"A halitose ou mau-h\u00e1lito pode ter v\u00e1rias causas, as quais devem ser identificadas para n\u00e3o comprometer a auto-estima das pessoas afetadas.\",\"breadcrumb\":{\"@id\":\"https:\/\/odontoapeles.com.br\/dentista\/clinica-odontologica\/zona-sul\/halitose\/#breadcrumb\"},\"inLanguage\":\"pt-BR\",\"potentialAction\":[{\"@type\":\"ReadAction\",\"target\":[\"https:\/\/odontoapeles.com.br\/dentista\/clinica-odontologica\/zona-sul\/halitose\/\"]}]},{\"@type\":\"ImageObject\",\"inLanguage\":\"pt-BR\",\"@id\":\"https:\/\/odontoapeles.com.br\/dentista\/clinica-odontologica\/zona-sul\/halitose\/#primaryimage\",\"url\":\"https:\/\/odontoapeles.com.br\/dentista\/clinica-odontologica\/zona-sul\/wp-content\/uploads\/2022\/01\/image-asset.png\",\"contentUrl\":\"https:\/\/odontoapeles.com.br\/dentista\/clinica-odontologica\/zona-sul\/wp-content\/uploads\/2022\/01\/image-asset.png\",\"width\":1000,\"height\":728,\"caption\":\"Halitose Zona Sul SP\"},{\"@type\":\"BreadcrumbList\",\"@id\":\"https:\/\/odontoapeles.com.br\/dentista\/clinica-odontologica\/zona-sul\/halitose\/#breadcrumb\",\"itemListElement\":[{\"@type\":\"ListItem\",\"position\":1,\"name\":\"In\u00edcio\",\"item\":\"https:\/\/odontoapeles.com.br\/dentista\/clinica-odontologica\/zona-sul\/\"},{\"@type\":\"ListItem\",\"position\":2,\"name\":\"Halitose\"}]},{\"@type\":\"WebSite\",\"@id\":\"https:\/\/odontoapeles.com.br\/dentista\/clinica-odontologica\/zona-sul\/#website\",\"url\":\"https:\/\/odontoapeles.com.br\/dentista\/clinica-odontologica\/zona-sul\/\",\"name\":\"Dentista Zona Sul SP - Odontologia Apeles Lemos - 5563-5471\",\"description\":\"Refer\u00eancia h\u00e1 30 anos em Odontologia, Cl\u00ednica Odontol\u00f3gica, Cl\u00ednica Dent\u00e1ria e Dentista Zona Sul SP. Whats App: 9 4624-0000. Dentista Zona Sul SP - Odontologia Apeles Lemos - 5563-5471\",\"publisher\":{\"@id\":\"https:\/\/odontoapeles.com.br\/dentista\/clinica-odontologica\/zona-sul\/#organization\"},\"potentialAction\":[{\"@type\":\"SearchAction\",\"target\":{\"@type\":\"EntryPoint\",\"urlTemplate\":\"https:\/\/odontoapeles.com.br\/dentista\/clinica-odontologica\/zona-sul\/?s={search_term_string}\"},\"query-input\":{\"@type\":\"PropertyValueSpecification\",\"valueRequired\":true,\"valueName\":\"search_term_string\"}}],\"inLanguage\":\"pt-BR\"},{\"@type\":\"Organization\",\"@id\":\"https:\/\/odontoapeles.com.br\/dentista\/clinica-odontologica\/zona-sul\/#organization\",\"name\":\"Dentista Zona Sul SP - Odontologia Apeles Lemos - 5563-5471\",\"url\":\"https:\/\/odontoapeles.com.br\/dentista\/clinica-odontologica\/zona-sul\/\",\"logo\":{\"@type\":\"ImageObject\",\"inLanguage\":\"pt-BR\",\"@id\":\"https:\/\/odontoapeles.com.br\/dentista\/clinica-odontologica\/zona-sul\/#\/schema\/logo\/image\/\",\"url\":\"https:\/\/odontoapeles.com.br\/dentista\/clinica-odontologica\/zona-sul\/wp-content\/uploads\/2018\/05\/logo.png\",\"contentUrl\":\"https:\/\/odontoapeles.com.br\/dentista\/clinica-odontologica\/zona-sul\/wp-content\/uploads\/2018\/05\/logo.png\",\"width\":443,\"height\":190,\"caption\":\"Dentista Zona Sul SP - Odontologia Apeles Lemos - 5563-5471\"},\"image\":{\"@id\":\"https:\/\/odontoapeles.com.br\/dentista\/clinica-odontologica\/zona-sul\/#\/schema\/logo\/image\/\"},\"sameAs\":[\"https:\/\/www.facebook.com\/odontoapeles\"]},{\"@type\":\"Person\",\"@id\":\"https:\/\/odontoapeles.com.br\/dentista\/clinica-odontologica\/zona-sul\/#\/schema\/person\/e05aefb4aac5b48d28fe5ef123d5e991\",\"name\":\"administrador\",\"image\":{\"@type\":\"ImageObject\",\"inLanguage\":\"pt-BR\",\"@id\":\"https:\/\/odontoapeles.com.br\/dentista\/clinica-odontologica\/zona-sul\/#\/schema\/person\/image\/\",\"url\":\"https:\/\/secure.gravatar.com\/avatar\/e3089e6fb36c5ac23fe49c3206f06570?s=96&d=mm&r=g\",\"contentUrl\":\"https:\/\/secure.gravatar.com\/avatar\/e3089e6fb36c5ac23fe49c3206f06570?s=96&d=mm&r=g\",\"caption\":\"administrador\"}}]}<\/script>\n<!-- \/ Yoast SEO Premium plugin. -->","yoast_head_json":{"title":"Halitose Zona Sul SP - Odontologia Apeles Lemos - (11) 5563-5471","description":"A halitose ou mau-h\u00e1lito pode ter v\u00e1rias causas, as quais devem ser identificadas para n\u00e3o comprometer a auto-estima das pessoas afetadas.","robots":{"index":"index","follow":"follow","max-snippet":"max-snippet:-1","max-image-preview":"max-image-preview:large","max-video-preview":"max-video-preview:-1"},"canonical":"https:\/\/odontoapeles.com.br\/dentista\/clinica-odontologica\/zona-sul\/halitose\/","twitter_misc":{"Escrito por":"administrador","Est. tempo de leitura":"5 minutos"},"schema":{"@context":"https:\/\/schema.org","@graph":[{"@type":"Article","@id":"https:\/\/odontoapeles.com.br\/dentista\/clinica-odontologica\/zona-sul\/halitose\/#article","isPartOf":{"@id":"https:\/\/odontoapeles.com.br\/dentista\/clinica-odontologica\/zona-sul\/halitose\/"},"author":{"name":"administrador","@id":"https:\/\/odontoapeles.com.br\/dentista\/clinica-odontologica\/zona-sul\/#\/schema\/person\/e05aefb4aac5b48d28fe5ef123d5e991"},"headline":"Halitose","datePublished":"2022-01-30T04:37:30+00:00","dateModified":"2022-06-23T20:09:30+00:00","mainEntityOfPage":{"@id":"https:\/\/odontoapeles.com.br\/dentista\/clinica-odontologica\/zona-sul\/halitose\/"},"wordCount":922,"commentCount":0,"publisher":{"@id":"https:\/\/odontoapeles.com.br\/dentista\/clinica-odontologica\/zona-sul\/#organization"},"image":{"@id":"https:\/\/odontoapeles.com.br\/dentista\/clinica-odontologica\/zona-sul\/halitose\/#primaryimage"},"thumbnailUrl":"https:\/\/odontoapeles.com.br\/dentista\/clinica-odontologica\/zona-sul\/wp-content\/uploads\/2022\/01\/image-asset.png","articleSection":["Artigos Odontol\u00f3gicos"],"inLanguage":"pt-BR","potentialAction":[{"@type":"CommentAction","name":"Comment","target":["https:\/\/odontoapeles.com.br\/dentista\/clinica-odontologica\/zona-sul\/halitose\/#respond"]}]},{"@type":"WebPage","@id":"https:\/\/odontoapeles.com.br\/dentista\/clinica-odontologica\/zona-sul\/halitose\/","url":"https:\/\/odontoapeles.com.br\/dentista\/clinica-odontologica\/zona-sul\/halitose\/","name":"Halitose Zona Sul SP - Odontologia Apeles Lemos - (11) 5563-5471","isPartOf":{"@id":"https:\/\/odontoapeles.com.br\/dentista\/clinica-odontologica\/zona-sul\/#website"},"primaryImageOfPage":{"@id":"https:\/\/odontoapeles.com.br\/dentista\/clinica-odontologica\/zona-sul\/halitose\/#primaryimage"},"image":{"@id":"https:\/\/odontoapeles.com.br\/dentista\/clinica-odontologica\/zona-sul\/halitose\/#primaryimage"},"thumbnailUrl":"https:\/\/odontoapeles.com.br\/dentista\/clinica-odontologica\/zona-sul\/wp-content\/uploads\/2022\/01\/image-asset.png","datePublished":"2022-01-30T04:37:30+00:00","dateModified":"2022-06-23T20:09:30+00:00","description":"A halitose ou mau-h\u00e1lito pode ter v\u00e1rias causas, as quais devem ser identificadas para n\u00e3o comprometer a auto-estima das pessoas afetadas.","breadcrumb":{"@id":"https:\/\/odontoapeles.com.br\/dentista\/clinica-odontologica\/zona-sul\/halitose\/#breadcrumb"},"inLanguage":"pt-BR","potentialAction":[{"@type":"ReadAction","target":["https:\/\/odontoapeles.com.br\/dentista\/clinica-odontologica\/zona-sul\/halitose\/"]}]},{"@type":"ImageObject","inLanguage":"pt-BR","@id":"https:\/\/odontoapeles.com.br\/dentista\/clinica-odontologica\/zona-sul\/halitose\/#primaryimage","url":"https:\/\/odontoapeles.com.br\/dentista\/clinica-odontologica\/zona-sul\/wp-content\/uploads\/2022\/01\/image-asset.png","contentUrl":"https:\/\/odontoapeles.com.br\/dentista\/clinica-odontologica\/zona-sul\/wp-content\/uploads\/2022\/01\/image-asset.png","width":1000,"height":728,"caption":"Halitose Zona Sul SP"},{"@type":"BreadcrumbList","@id":"https:\/\/odontoapeles.com.br\/dentista\/clinica-odontologica\/zona-sul\/halitose\/#breadcrumb","itemListElement":[{"@type":"ListItem","position":1,"name":"In\u00edcio","item":"https:\/\/odontoapeles.com.br\/dentista\/clinica-odontologica\/zona-sul\/"},{"@type":"ListItem","position":2,"name":"Halitose"}]},{"@type":"WebSite","@id":"https:\/\/odontoapeles.com.br\/dentista\/clinica-odontologica\/zona-sul\/#website","url":"https:\/\/odontoapeles.com.br\/dentista\/clinica-odontologica\/zona-sul\/","name":"Dentista Zona Sul SP - Odontologia Apeles Lemos - 5563-5471","description":"Refer\u00eancia h\u00e1 30 anos em Odontologia, Cl\u00ednica Odontol\u00f3gica, Cl\u00ednica Dent\u00e1ria e Dentista Zona Sul SP. Whats App: 9 4624-0000. Dentista Zona Sul SP - Odontologia Apeles Lemos - 5563-5471","publisher":{"@id":"https:\/\/odontoapeles.com.br\/dentista\/clinica-odontologica\/zona-sul\/#organization"},"potentialAction":[{"@type":"SearchAction","target":{"@type":"EntryPoint","urlTemplate":"https:\/\/odontoapeles.com.br\/dentista\/clinica-odontologica\/zona-sul\/?s={search_term_string}"},"query-input":{"@type":"PropertyValueSpecification","valueRequired":true,"valueName":"search_term_string"}}],"inLanguage":"pt-BR"},{"@type":"Organization","@id":"https:\/\/odontoapeles.com.br\/dentista\/clinica-odontologica\/zona-sul\/#organization","name":"Dentista Zona Sul SP - Odontologia Apeles Lemos - 5563-5471","url":"https:\/\/odontoapeles.com.br\/dentista\/clinica-odontologica\/zona-sul\/","logo":{"@type":"ImageObject","inLanguage":"pt-BR","@id":"https:\/\/odontoapeles.com.br\/dentista\/clinica-odontologica\/zona-sul\/#\/schema\/logo\/image\/","url":"https:\/\/odontoapeles.com.br\/dentista\/clinica-odontologica\/zona-sul\/wp-content\/uploads\/2018\/05\/logo.png","contentUrl":"https:\/\/odontoapeles.com.br\/dentista\/clinica-odontologica\/zona-sul\/wp-content\/uploads\/2018\/05\/logo.png","width":443,"height":190,"caption":"Dentista Zona Sul SP - Odontologia Apeles Lemos - 5563-5471"},"image":{"@id":"https:\/\/odontoapeles.com.br\/dentista\/clinica-odontologica\/zona-sul\/#\/schema\/logo\/image\/"},"sameAs":["https:\/\/www.facebook.com\/odontoapeles"]},{"@type":"Person","@id":"https:\/\/odontoapeles.com.br\/dentista\/clinica-odontologica\/zona-sul\/#\/schema\/person\/e05aefb4aac5b48d28fe5ef123d5e991","name":"administrador","image":{"@type":"ImageObject","inLanguage":"pt-BR","@id":"https:\/\/odontoapeles.com.br\/dentista\/clinica-odontologica\/zona-sul\/#\/schema\/person\/image\/","url":"https:\/\/secure.gravatar.com\/avatar\/e3089e6fb36c5ac23fe49c3206f06570?s=96&d=mm&r=g","contentUrl":"https:\/\/secure.gravatar.com\/avatar\/e3089e6fb36c5ac23fe49c3206f06570?s=96&d=mm&r=g","caption":"administrador"}}]}},"_links":{"self":[{"href":"https:\/\/odontoapeles.com.br\/dentista\/clinica-odontologica\/zona-sul\/wp-json\/wp\/v2\/posts\/17277","targetHints":{"allow":["GET"]}}],"collection":[{"href":"https:\/\/odontoapeles.com.br\/dentista\/clinica-odontologica\/zona-sul\/wp-json\/wp\/v2\/posts"}],"about":[{"href":"https:\/\/odontoapeles.com.br\/dentista\/clinica-odontologica\/zona-sul\/wp-json\/wp\/v2\/types\/post"}],"author":[{"embeddable":true,"href":"https:\/\/odontoapeles.com.br\/dentista\/clinica-odontologica\/zona-sul\/wp-json\/wp\/v2\/users\/1"}],"replies":[{"embeddable":true,"href":"https:\/\/odontoapeles.com.br\/dentista\/clinica-odontologica\/zona-sul\/wp-json\/wp\/v2\/comments?post=17277"}],"version-history":[{"count":0,"href":"https:\/\/odontoapeles.com.br\/dentista\/clinica-odontologica\/zona-sul\/wp-json\/wp\/v2\/posts\/17277\/revisions"}],"wp:featuredmedia":[{"embeddable":true,"href":"https:\/\/odontoapeles.com.br\/dentista\/clinica-odontologica\/zona-sul\/wp-json\/wp\/v2\/media\/17280"}],"wp:attachment":[{"href":"https:\/\/odontoapeles.com.br\/dentista\/clinica-odontologica\/zona-sul\/wp-json\/wp\/v2\/media?parent=17277"}],"wp:term":[{"taxonomy":"category","embeddable":true,"href":"https:\/\/odontoapeles.com.br\/dentista\/clinica-odontologica\/zona-sul\/wp-json\/wp\/v2\/categories?post=17277"},{"taxonomy":"post_tag","embeddable":true,"href":"https:\/\/odontoapeles.com.br\/dentista\/clinica-odontologica\/zona-sul\/wp-json\/wp\/v2\/tags?post=17277"}],"curies":[{"name":"wp","href":"https:\/\/api.w.org\/{rel}","templated":true}]}}