{"id":1651,"date":"2016-02-08T03:02:42","date_gmt":"2016-02-08T03:02:42","guid":{"rendered":"http:\/\/odontoapeles.com.br\/clinica-odontologica\/dentista\/zona-sul\/\/?p=1651"},"modified":"2021-04-03T23:56:27","modified_gmt":"2021-04-03T23:56:27","slug":"extracao-dentaria","status":"publish","type":"post","link":"https:\/\/odontoapeles.com.br\/dentista\/clinica-odontologica\/zona-sul\/extracao-dentaria\/","title":{"rendered":"Extra\u00e7\u00e3o Dent\u00e1ria"},"content":{"rendered":"<h4><span style=\"color: #008000;\"><strong>Extra\u00e7\u00e3o Dent\u00e1ria &#8211; Introdu\u00e7\u00e3o:<\/strong><\/span><\/h4>\n<p style=\"text-align: justify;\"><span style=\"color: #000000;\">Antes de pr\u00e1tica de qualquer <strong><span style=\"text-decoration: underline;\">extra\u00e7\u00e3o dent\u00e1ria<\/span><\/strong>, o dentista dever\u00e1 fazer uma revis\u00e3o completa do hist\u00f3rico m\u00e9dico e dent\u00e1rio do paciente, al\u00e9m de solicitar as radiografias necess\u00e1rias.<\/span><\/p>\n<div id=\"attachment_2651\" style=\"width: 111px\" class=\"wp-caption alignleft\"><img decoding=\"async\" aria-describedby=\"caption-attachment-2651\" class=\"wp-image-2651 size-full\" title=\"Extra\u00e7\u00e3o dent\u00e1ria\" src=\"http:\/\/odontoapeles.com.br\/dentista\/clinica-odontologica\/zona-sul\/\/\/wp-content\/uploads\/2016\/02\/Extra\u00e7\u00e3o-dent\u00e1ria.jpg\" alt=\"Extra\u00e7\u00e3o dent\u00e1ria\" width=\"101\" height=\"126\" \/><p id=\"caption-attachment-2651\" class=\"wp-caption-text\"><span style=\"color: #cc99ff;\"><strong>EXTRA\u00c7\u00c3O DENT\u00c1RIA<\/strong><\/span><\/p><\/div>\n<p style=\"text-align: justify;\"><span style=\"color: #000000;\">As radiografias revelam o comprimento, formato, posi\u00e7\u00e3o do dente e do osso adjacente, assim como a rela\u00e7\u00e3o do dente a ser extra\u00eddo com as estruturas anat\u00f4micas vizinhas. <\/span><\/p>\n<p style=\"text-align: justify;\"><span style=\"color: #000000;\">Com base nessas informa\u00e7\u00f5es, o\u00a0dentista avaliar\u00e1 o grau de dificuldade do procedimento e poder\u00e1 planej\u00e1-lo\u00a0adequadamente. Deste modo, a <strong><span style=\"text-decoration: underline;\">extra\u00e7\u00e3o dent\u00e1ria<\/span><\/strong>\u00a0pode ser realizada em totais condi\u00e7\u00f5es de seguran\u00e7a para o paciente.<\/span><\/p>\n<p style=\"text-align: justify;\"><span style=\"color: #000000;\">Em casos de dentes gravemente infeccionados ou de pacientes portadores de alguns tipos de doen\u00e7as, como as doen\u00e7as card\u00edacas, pode ser necess\u00e1ria a prescri\u00e7\u00e3o e administra\u00e7\u00e3o de antibi\u00f3ticos antes\u00a0da <strong><span style=\"text-decoration: underline;\">extra\u00e7\u00e3o dent\u00e1ria.<\/span><\/strong>\u00a0<\/span><\/p>\n<p style=\"text-align: justify;\"><span style=\"color: #000000;\">Esta conduta visa evitar a dissemina\u00e7\u00e3o das bact\u00e9rias que infectam o dente atrav\u00e9s da corrente sangu\u00ednea e a contamina\u00e7\u00e3o de outros \u00f3rg\u00e3os.<\/span><\/p>\n<p style=\"text-align: justify;\"><span style=\"color: #000000;\">Existem situa\u00e7\u00f5es\u00a0em que a extra\u00e7\u00e3o dent\u00e1ria\u00a0envolve graus maiores de dificuldade, como, por exemplo, pacientes especiais, dentes inclusos e semi-inclusos (dentes que ainda n\u00e3o iniciaram ou ainda n\u00e3o conclu\u00edram totalmente seu processo de erup\u00e7\u00e3o), dentes com ra\u00edzes compridas e tortuosas ou dentes localizados pr\u00f3ximos a regi\u00f5es anat\u00f4micas mais delicadas. <\/span><\/p>\n<p style=\"text-align: justify;\"><span style=\"color: #000000;\">Nestes casos de maior complexidade,\u00a0dependendo da experi\u00eancia do profissional em cirurgias bucais, talvez seja mais conveniente a interven\u00e7\u00e3o de um cirurgi\u00e3o buco-maxilofacial.<\/span><span style=\"color: #0000ff;\"><strong><span style=\"color: #ffffff;\">.<\/span><\/strong><\/span><\/p>\n<p>&nbsp;<\/p>\n<h4><span style=\"color: #008000;\"><strong>Extra\u00e7\u00e3o Dent\u00e1ria &#8211; Indica\u00e7\u00f5es:<\/strong><\/span><\/h4>\n<ul>\n<li style=\"text-align: justify;\">\n<div id=\"attachment_2897\" style=\"width: 217px\" class=\"wp-caption alignleft\"><a class=\"dt-single-image\" href=\"http:\/\/odontoapeles.com.br\/dentista\/clinica-odontologica\/zona-sul\/\/\/wp-content\/uploads\/2016\/02\/Dentes-Extensamente-Cariados.jpg\" rel=\"attachment wp-att-2897\" data-dt-img-description=\"Dentes Extensamente Cariados\"><img decoding=\"async\" aria-describedby=\"caption-attachment-2897\" class=\"wp-image-2897 size-full\" title=\"Extra\u00e7\u00e3o dent\u00e1ria\" src=\"http:\/\/odontoapeles.com.br\/dentista\/clinica-odontologica\/zona-sul\/\/\/wp-content\/uploads\/2016\/02\/Dentes-Extensamente-Cariados.jpg\" alt=\"Extra\u00e7\u00e3o Dent\u00e1ria - Dentes Extensamente Cariados\" width=\"207\" height=\"156\" \/><\/a><p id=\"caption-attachment-2897\" class=\"wp-caption-text\"><span style=\"color: #cc99ff;\"><strong>DENTES EXTENSAMENTE CARIADOS<\/strong><\/span><\/p><\/div>\n<p><span style=\"color: #000000;\"><strong><span style=\"text-decoration: underline;\">Dentes Extensamente Cariados<\/span><\/strong>: c\u00e1ries profundas destroem a maior parte dos tecidos dent\u00e1rios, inviabilizando sua recupera\u00e7\u00e3o. <\/span><\/p>\n<p><span style=\"color: #000000;\">Os dentes extra\u00eddos devem ser repostos por meio da instala\u00e7\u00e3o de implantes ou pr\u00f3teses. Tal reposi\u00e7\u00e3o se faz necess\u00e1ria para evitar altera\u00e7\u00f5es e deforma\u00e7\u00f5es nas arcadas dent\u00e1rias. <\/span><\/p>\n<p><span style=\"color: #000000;\">Algumas destas altera\u00e7\u00f5es s\u00e3o causadas pela mudan\u00e7a na posi\u00e7\u00e3o dos dentes vizinhos aos\u00a0que foram extra\u00eddos, os quais migrar\u00e3o em sentido horizontal. <\/span><\/p>\n<p><span style=\"color: #000000;\">Por outro lado, os dentes da arcada oposta que travavam contato mastigat\u00f3rio com os\u00a0dentes extra\u00eddos, migrar\u00e3o em sentido vertical (extrus\u00e3o dent\u00e1ria).<\/span><\/li>\n<\/ul>\n<p>&nbsp;<\/p>\n<ul>\n<li style=\"text-align: justify;\">\n<div id=\"attachment_2901\" style=\"width: 250px\" class=\"wp-caption alignleft\"><a class=\"dt-single-image\" href=\"http:\/\/odontoapeles.com.br\/dentista\/clinica-odontologica\/zona-sul\/\/\/wp-content\/uploads\/2016\/02\/Periodontite-Avan\u00e7ada.jpg\" rel=\"attachment wp-att-2901\" data-dt-img-description=\"Periodontite Avan\u00e7ada\"><img decoding=\"async\" aria-describedby=\"caption-attachment-2901\" class=\"wp-image-2901 size-full\" title=\"Extra\u00e7\u00e3o Dent\u00e1ria\" src=\"http:\/\/odontoapeles.com.br\/dentista\/clinica-odontologica\/zona-sul\/\/\/wp-content\/uploads\/2016\/02\/Periodontite-Avan\u00e7ada.jpg\" alt=\"Extra\u00e7\u00e3o Dent\u00e1ria - Periodontite Avan\u00e7ada\" width=\"240\" height=\"159\" \/><\/a><p id=\"caption-attachment-2901\" class=\"wp-caption-text\"><span style=\"color: #cc99ff;\"><strong>DENTES COM PERIODONTITE AVAN\u00c7ADA<\/strong><\/span><\/p><\/div>\n<p><span style=\"color: #000000;\"><strong><span style=\"text-decoration: underline;\">Dentes com Periodontite Avan\u00e7ada<\/span><\/strong>: a periodontite \u00e9 uma doen\u00e7a infecciosa que promove a destrui\u00e7\u00e3o progressiva do\u00a0osso de suporte da raiz dent\u00e1ria, podendo tornar o dente completamente abalado. <\/span><\/p>\n<p><span style=\"color: #000000;\">A infec\u00e7\u00e3o bacteriana caracter\u00edstica da periodontite representa risco para a sa\u00fade geral do paciente, pois as bact\u00e9rias penetram na corrente sangu\u00ednea e podem afetar \u00f3rg\u00e3os distantes, como, por exemplo, o cora\u00e7\u00e3o.<\/span><br \/>\n<span style=\"color: #ffffff;\">.<\/span><br \/>\n<span style=\"color: #000000;\">Portanto, a <strong style=\"color: #000000;\"><span style=\"text-decoration: underline;\">extra\u00e7\u00e3o dent\u00e1ria<\/span><\/strong> dos dentes condenados\u00a0pela periodontite avan\u00e7ada dever\u00e1 ser realizada e, pelas mesmas raz\u00f5es descritas no item anterior, a reposi\u00e7\u00e3o dos dentes perdidos imediatamente planejada.<\/span><\/li>\n<\/ul>\n<p>&nbsp;<\/p>\n<ul>\n<li style=\"text-align: justify;\">\n<div id=\"attachment_2940\" style=\"width: 276px\" class=\"wp-caption alignleft\"><a class=\"dt-single-image\" href=\"http:\/\/odontoapeles.com.br\/dentista\/clinica-odontologica\/zona-sul\/\/\/wp-content\/uploads\/2016\/02\/Alinhamento-Dent\u00e1rio-Incorreto-1.jpg\" rel=\"attachment wp-att-2940\" data-dt-img-description=\"Alinhamento Dent\u00e1rio Incorreto\"><img loading=\"lazy\" decoding=\"async\" aria-describedby=\"caption-attachment-2940\" class=\"wp-image-2940 size-full\" title=\"Extra\u00e7\u00e3o Dent\u00e1ria\" src=\"http:\/\/odontoapeles.com.br\/dentista\/clinica-odontologica\/zona-sul\/\/\/wp-content\/uploads\/2016\/02\/Alinhamento-Dent\u00e1rio-Incorreto-1.jpg\" alt=\"Extra\u00e7\u00e3o Dent\u00e1ria - Alinhamento Dent\u00e1rio Incorreto\" width=\"266\" height=\"176\" \/><\/a><p id=\"caption-attachment-2940\" class=\"wp-caption-text\"><span style=\"color: #cc99ff;\"><strong>FALTA DE ESPA\u00c7O NA ARCADA DENT\u00c1RIA<\/strong><\/span><\/p><\/div>\n<p><span style=\"color: #000000;\"><strong><span style=\"text-decoration: underline;\">Finalidade Ortod\u00f4ntica<\/span><\/strong>: a falta de espa\u00e7o nas arcadas dent\u00e1rias pode levar o ortodontista a indicar a <strong><span style=\"text-decoration: underline;\">extra\u00e7\u00e3o dent\u00e1ria<\/span><\/strong> de um ou mais dentes para a obten\u00e7\u00e3o de espa\u00e7o para o correto posicionamento dos demais. <\/span><\/p>\n<p><span style=\"color: #000000;\">Existem v\u00e1rias possibilidades de planejamento quanto aos dentes a\u00a0serem eliminados.\u00a0Na maioria dos casos \u00e9 indicada a extra\u00e7\u00f5es dos dentes pr\u00e9-molares para obter espa\u00e7o para acomodar dentes mal-posicionados.<\/span><\/p>\n<p><span style=\"color: #000000;\">Os dentes do siso, por ocasi\u00e3o de sua erup\u00e7\u00e3o, o que se d\u00e1 por volta dos 18 anos de idade, costumam promover um desalinhamento dos demais dentes. Por isso, \u00e9 bastante comum a indica\u00e7\u00e3o de suas extra\u00e7\u00f5es pelos ortodontistas.<\/span><\/li>\n<\/ul>\n<p>&nbsp;<\/p>\n<ul>\n<li style=\"text-align: justify;\">\n<div id=\"attachment_2945\" style=\"width: 285px\" class=\"wp-caption alignleft\"><a class=\"dt-single-image\" href=\"http:\/\/odontoapeles.com.br\/dentista\/clinica-odontologica\/zona-sul\/\/\/wp-content\/uploads\/2016\/02\/finalidade-prot\u00e9tica.jpg\" rel=\"attachment wp-att-2945\" data-dt-img-description=\"Extra\u00e7\u00e3o - Finalidade Prot\u00e9tica\"><img loading=\"lazy\" decoding=\"async\" aria-describedby=\"caption-attachment-2945\" class=\"wp-image-2945 size-full\" title=\"Extra\u00e7\u00e3o Dent\u00e1ria\" src=\"http:\/\/odontoapeles.com.br\/dentista\/clinica-odontologica\/zona-sul\/\/\/wp-content\/uploads\/2016\/02\/finalidade-prot\u00e9tica.jpg\" alt=\"Extra\u00e7\u00e3o Dent\u00e1ria - Finalidade Prot\u00e9tica\" width=\"275\" height=\"183\" \/><\/a><p id=\"caption-attachment-2945\" class=\"wp-caption-text\"><span style=\"color: #cc99ff;\"><strong>REABILITA\u00c7\u00c3O BUCAL<\/strong><\/span><\/p><\/div>\n<p><span style=\"color: #000000;\"><strong><span style=\"text-decoration: underline;\">Reabilita\u00e7\u00e3o Bucal<\/span><\/strong>: em situa\u00e7\u00f5es espec\u00edficas, o paciente necessita submeter-se a um tratamento odontol\u00f3gico\u00a0extenso e complexo denominado reabilita\u00e7\u00e3o bucal. <\/span><\/p>\n<p><span style=\"color: #000000;\">Nestes casos, pode ocorrer que um ou mais dentes, apesar de \u00edntegros ou danificados, mas\u00a0pass\u00edveis de recupera\u00e7\u00e3o, apresentem posi\u00e7\u00f5es estrategicamente desfavor\u00e1veis na arcada dent\u00e1ria. <\/span><\/p>\n<p><span style=\"color: #000000;\">A manuten\u00e7\u00e3o destes dentes poderia inviabilizar a execu\u00e7\u00e3o do plano de tratamento estabelecido para o paciente. Portanto, nestas situa\u00e7\u00f5es a <strong><span style=\"text-decoration: underline;\">extra\u00e7\u00e3o dent\u00e1ria<\/span><\/strong>\u00a0tamb\u00e9m est\u00e1 indicada.<\/span><\/li>\n<\/ul>\n<p>&nbsp;<\/p>\n<ul>\n<li style=\"text-align: justify;\">\n<div id=\"attachment_2933\" style=\"width: 259px\" class=\"wp-caption alignleft\"><a class=\"dt-single-image\" href=\"http:\/\/odontoapeles.com.br\/dentista\/clinica-odontologica\/zona-sul\/\/\/wp-content\/uploads\/2016\/02\/Dente-Semi-Incluso-1.jpg\" rel=\"attachment wp-att-2933\" data-dt-img-description=\"Dente Semi-Incluso\"><img loading=\"lazy\" decoding=\"async\" aria-describedby=\"caption-attachment-2933\" class=\"wp-image-2933 size-full\" title=\"Dente do Siso Semi-Incluso Zona Sul SP\" src=\"https:\/\/odontoapeles.com.br\/dentista\/clinica-odontologica\/zona-sul\/wp-content\/uploads\/2016\/02\/Dente-Semi-Incluso-1.jpg\" alt=\"Dente do Siso Semi-Incluso Zona Sul SP\" width=\"249\" height=\"160\" \/><\/a><p id=\"caption-attachment-2933\" class=\"wp-caption-text\"><span style=\"color: #cc99ff;\"><strong>DENTE SEMI-INCLUSO<\/strong><\/span><\/p><\/div>\n<p><span style=\"color: #000000;\"><strong><span style=\"text-decoration: underline;\">Dentes Semi-Inclusos<\/span><\/strong>: s\u00e3o dentes que n\u00e3o conseguem completar seu processo de erup\u00e7\u00e3o, conseguindo irromper e aparecer apenas parcialmente na cavidade bucal. <\/span><\/p>\n<p><span style=\"color: #000000;\">As causas para o fracasso de suas completas erup\u00e7\u00f5es geralmente relacionam-se \u00e0 falta de espa\u00e7o na arcada dent\u00e1ria, o que acaba por determinar que estejam sempre mal-posicionados. <\/span><\/p>\n<p><span style=\"color: #000000;\">Geralmente inclinam-se na dire\u00e7\u00e3o dos dentes vizinhos e exercem press\u00e3o sobre eles na tentativa sempre frustrada de concluir seu processo de erup\u00e7\u00e3o, o que pode danificar\u00a0as ra\u00edzes dos mesmos,<\/span><\/p>\n<p><span style=\"color: #000000;\">O\u00a0mal posicionamento do dente semi-incluso, impede a correta conforma\u00e7\u00e3o anat\u00f4mica da\u00a0gengiva \u00e0 sua volta, a qual acaba por recobrir parte de sua coroa,\u00a0criando espa\u00e7os nocivos entre a gengiva e o dente. Estes espa\u00e7os, s\u00e3o frequentemente invadidos pelas bact\u00e9rias bucais, as quais ali proliferam livremente, uma vez que trata-se de regi\u00e3o de dif\u00edcil\u00a0higieniza\u00e7\u00e3o.<\/span><\/p>\n<p><span style=\"color: #000000;\"> Uma vez instaladas \u00e0 volta e por sobre o dente semi-incluso, as bact\u00e9rias podem causar dois tipos de infec\u00e7\u00e3o bastante dolorosas: a pericoronarite e a c\u00e1rie dent\u00e1ria.\u00a0<\/span><\/p>\n<p><span style=\"color: #000000;\">A pericoronarite \u00e9 uma infec\u00e7\u00e3o s\u00e9ria e extremamente dolorosa dos tecidos gengivais e dos tecidos moles que recobrem parcialmente o dente semi-incluso. Esta infec\u00e7\u00e3o\u00a0deve ser tratada imediatamente,\u00a0pois pode espalhar-se para as estruturas anat\u00f4micas vizinhas, agravando-se ao ponto de comprometer a sa\u00fade geral do paciente.<\/span><\/p>\n<p><span style=\"color: #000000;\">A c\u00e1rie dent\u00e1ria, abandonada sem tratamento, infectar\u00e1 o canal do dente e promover\u00e1 a decomposi\u00e7\u00e3o do nervo dent\u00e1rio e o aparecimento de abscesso com forma\u00e7\u00e3o de pus.<\/span><\/li>\n<\/ul>\n<p>&nbsp;<\/p>\n<div id=\"attachment_2917\" style=\"width: 195px\" class=\"wp-caption alignleft\"><a class=\"dt-single-image\" href=\"http:\/\/odontoapeles.com.br\/dentista\/clinica-odontologica\/zona-sul\/\/\/wp-content\/uploads\/2016\/02\/Apinhamento-Dental.jpg\" rel=\"attachment wp-att-2917\" data-dt-img-description=\"Apinhamento Dental\"><img loading=\"lazy\" decoding=\"async\" aria-describedby=\"caption-attachment-2917\" class=\"wp-image-2917\" title=\"Indica\u00e7\u00f5es da Remo\u00e7\u00e3o de Dentes Zona Sul SP, Apinhamento Dental Zona Sul SP\" src=\"http:\/\/odontoapeles.com.br\/dentista\/clinica-odontologica\/zona-sul\/\/\/wp-content\/uploads\/2016\/02\/Apinhamento-Dental-150x150.jpg\" alt=\"Indica\u00e7\u00f5es da Remo\u00e7\u00e3o de Dentes Zona Sul SP, Apinhamento Dental Zona Sul SP\" width=\"185\" height=\"130\" \/><\/a><p id=\"caption-attachment-2917\" class=\"wp-caption-text\"><span style=\"color: #cc99ff;\"><strong>APINHAMENTO DENTAL<\/strong><\/span><\/p><\/div>\n<ul>\n<li style=\"text-align: justify;\"><span style=\"color: #000000;\"><span style=\"text-decoration: underline;\"><strong>Apinhamento Dental<\/strong><\/span>: a constante press\u00e3o exercida pelos dentes semi-inclusos, em sua\u00a0cont\u00ednua tentativa de erupcionar, podem tamb\u00e9m gerar uma esp\u00e9cie de\u00a0for\u00e7a\u00a0em cadeia, a qual ser\u00e1 transmitida de um dente vizinho ao outro.\u00a0<\/span><span style=\"color: #000000;\">Como resultado, os dentes cujas ra\u00edzes s\u00e3o menores e mais fr\u00e1geis\u00a0podem deslocar-se de sua posi\u00e7\u00e3o original, podendo produzir um desalinhamento em sequ\u00eancia conhecido como apinhamento dental. <\/span><span style=\"color: #000000;\">Geralmente, os dentes mais afetados s\u00e3o os anteriores, pois s\u00e3o aqueles que possuem as ra\u00edzes mais delicadas.<span style=\"color: #ffffff;\">.<\/span><br \/>\n<span style=\"color: #ffffff;\">.<\/span><\/span><\/li>\n<\/ul>\n<p>&nbsp;<\/p>\n<ul>\n<li>\n<div id=\"attachment_2950\" style=\"width: 250px\" class=\"wp-caption alignleft\"><a class=\"dt-single-image\" href=\"http:\/\/odontoapeles.com.br\/dentista\/clinica-odontologica\/zona-sul\/\/\/wp-content\/uploads\/2016\/02\/Dente-Incluso.jpg\" rel=\"attachment wp-att-2950\" data-dt-img-description=\"Dente Incluso\"><img loading=\"lazy\" decoding=\"async\" aria-describedby=\"caption-attachment-2950\" class=\"wp-image-2950 size-full\" title=\"Dente do Siso Incluso Zona Sul SP, Dente do Siso Semi Incluso Zona Sul SP\" src=\"https:\/\/odontoapeles.com.br\/dentista\/clinica-odontologica\/zona-sul\/wp-content\/uploads\/2016\/02\/Dente-Incluso.jpg\" alt=\"Dente do Siso Incluso Zona Sul SP, Dente do Siso Semi Incluso Zona Sul SP\" width=\"240\" height=\"180\" \/><\/a><p id=\"caption-attachment-2950\" class=\"wp-caption-text\"><span style=\"color: #cc99ff;\"><strong>DENTES INCLUSOS<\/strong><\/span><\/p><\/div>\n<p style=\"text-align: justify;\"><span style=\"color: #000000;\"><strong><span style=\"text-decoration: underline;\">Dentes Inclusos<\/span><\/strong>:\u00a0s\u00e3o dentes que n\u00e3o conseguiram nem mesmo romper o tecido gengival, apresentando-se completamente imersos dentro do osso no interior\u00a0do qual est\u00e3o alojados.\u00a0<\/span><\/p>\n<p style=\"text-align: justify;\"><span style=\"color: #000000;\">A constante press\u00e3o tamb\u00e9m exercida por estes dentes na cont\u00ednua tentativa de erup\u00e7\u00e3o, tal como no caso dos dentes semi-inclusos, poder\u00e1 resultar nos mesmos danos descritos no item anterior.<\/span><\/p>\n<p style=\"text-align: justify;\"><span style=\"color: #000000;\"> Al\u00e9m disso, dentes inclusos podem dar origem \u00e0 forma\u00e7\u00e3o de cistos e outros tipos de les\u00f5es ao seu redor.<\/span><\/p>\n<\/li>\n<\/ul>\n<p style=\"text-align: justify;\"><span style=\"color: #000000;\">A <strong><span style=\"text-decoration: underline;\">extra\u00e7\u00e3o dent\u00e1ria<\/span><\/strong> dos elementos dentais inclusos e semi-inclusos deve ser quase sempre indicada, n\u00e3o apenas para tratar as infec\u00e7\u00f5es e inflama\u00e7\u00f5es que s\u00e3o capazes de produzir ou que j\u00e1 produziram. <\/span><\/p>\n<p style=\"text-align: justify;\"><span style=\"color: #000000;\">Suas extra\u00e7\u00f5es tamb\u00e9m t\u00eam um car\u00e1ter preventivo, no sentido de evitar problemas e sofrimentos futuros. Contudo, em casos espec\u00edficos, quando o paciente j\u00e1 perdeu muitos dentes ou em situa\u00e7\u00f5es que suas\u00a0arcadas dent\u00e1rias s\u00e3o\u00a0amplas, ao ponto dos dentes do siso terem conseguido completar normalmente seu processo de erup\u00e7\u00e3o,\u00a0suas extra\u00e7\u00f5es podem n\u00e3o estar indicadas.<\/span><\/p>\n<p>&nbsp;<\/p>\n<h4><span style=\"color: #008000;\"><strong>Extra\u00e7\u00e3o Dent\u00e1ria &#8211; Etapas do Procedimento Padr\u00e3o:<\/strong><\/span><\/h4>\n<div id=\"attachment_2889\" style=\"width: 308px\" class=\"wp-caption alignleft\"><a class=\"dt-single-image\" href=\"http:\/\/odontoapeles.com.br\/dentista\/clinica-odontologica\/zona-sul\/\/\/wp-content\/uploads\/2016\/02\/etapas-extra\u00e7\u00e3o-dent\u00e1ria.jpg\" rel=\"attachment wp-att-2889\" data-dt-img-description=\"Extra\u00e7\u00e3o Dent\u00e1ria\"><img loading=\"lazy\" decoding=\"async\" aria-describedby=\"caption-attachment-2889\" class=\"wp-image-2889 size-full\" title=\"Extra\u00e7\u00e3o Dent\u00e1ria Zona Sul SP, Extra\u00e7\u00e3o de Dentes do Siso Zona Sul SP, Extra\u00e7\u00e3o de Dentes do Siso Inclusos Zona Sul SP\" src=\"https:\/\/odontoapeles.com.br\/dentista\/clinica-odontologica\/zona-sul\/wp-content\/uploads\/2016\/02\/etapas-extra\u00e7\u00e3o-dent\u00e1ria.jpg\" alt=\"Extra\u00e7\u00e3o Dent\u00e1ria Zona Sul SP, Extra\u00e7\u00e3o de Dentes do Siso Zona Sul SP, Extra\u00e7\u00e3o de Dentes do Siso Inclusos Zona Sul SP\" width=\"298\" height=\"88\" \/><\/a><p id=\"caption-attachment-2889\" class=\"wp-caption-text\"><span style=\"color: #cc99ff;\"><strong>ETAPAS DA EXTRA\u00c7\u00c3O DENT\u00c1RIA<\/strong><\/span><\/p><\/div>\n<ul>\n<li style=\"text-align: justify;\"><span style=\"color: #000000;\">Primeiramente,\u00a0a \u00e1rea em volta da <span style=\"text-decoration: underline;\"><strong>extra\u00e7\u00e3o dent\u00e1ria<\/strong><\/span>, dente ser\u00e1 anestesiada. Nas extra\u00e7\u00f5es mais simples, ap\u00f3s\u00a0a anestesia, o dente \u00e9 primeiramente descolado da gengiva\u00a0que o contorna\u00a0por meio de instrumento apropriado,<\/span><\/li>\n<\/ul>\n<ul style=\"text-align: justify;\">\n<li style=\"text-align: justify;\"><span style=\"color: #000000;\">Em seguida, o dente ser\u00e1 for\u00e7ado para fora do osso que o sustenta por meio de alavancas especiais, as quais poder\u00e3o, por si s\u00f3, promover a extra\u00e7\u00e3o do mesmo, ou ent\u00e3o torn\u00e1-lo abalado, preparando-o para sua remo\u00e7\u00e3o final\u00a0por meio de um f\u00f3rceps dent\u00e1rio,<\/span><\/li>\n<\/ul>\n<ul style=\"text-align: justify;\">\n<li style=\"text-align: justify;\"><span style=\"color: #000000;\">Ap\u00f3s a <span style=\"text-decoration: underline;\"><strong>extra\u00e7\u00e3o dent\u00e1ria<\/strong><\/span>, a cavidade \u00f3ssea antes ocupada pelo dente (alv\u00e9olo dent\u00e1rio) dever\u00e1 ser higienizada para remo\u00e7\u00e3o de eventuais fragmentos teciduais e infec\u00e7\u00f5es residuais, processo denominado curetagem alveolar. O alv\u00e9olo dent\u00e1rio, poder\u00e1 ser remodelado para o aplanamento de seus bordos, caso resultem irregularidades ap\u00f3s a cirurgia,<\/span><\/li>\n<\/ul>\n<ul>\n<li style=\"text-align: justify;\"><span style=\"color: #000000;\">Terminada esta etapa, a regi\u00e3o operada deve ser suturada por meio da confec\u00e7\u00e3o de pontos cir\u00fargicos para proteg\u00ea-la\u00a0e facilitar o processo de cicatriza\u00e7\u00e3o.<\/span><span style=\"color: #ffffff;\">.<\/span><br \/>\n<span style=\"color: #ffffff;\">.\u00a0<\/span><\/li>\n<\/ul>\n<h4 style=\"text-align: justify;\"><span style=\"color: #008000;\"><strong>Extra\u00e7\u00e3o Dent\u00e1ria &#8211; Dentes Inclusos e Semi-Inclusos:<\/strong><\/span><\/h4>\n<p style=\"text-align: justify;\"><span style=\"color: #000000;\">A <span style=\"text-decoration: underline;\"><strong>extra\u00e7\u00e3o dent\u00e1ria<\/strong><\/span>\u00a0de <a href=\"https:\/\/www.sorrisologia.com.br\/noticia\/dentes-inclusos-quais-problemas-esse-quadro-pode-causar_a7119\/1\">dentes inclusos<\/a> e semi-inclusos envolve manobras cir\u00fargicas geralmente muito mais complicadas, as quais n\u00e3o s\u00e3o detalhadas neste artigo. <\/span><\/p>\n<p style=\"text-align: justify;\"><span style=\"color: #000000;\">Via de regra, devem\u00a0ser realizadas por um profissional experiente em cirurgia oral. <\/span><\/p>\n<p style=\"text-align: justify;\"><span style=\"color: #000000;\">Extra\u00e7\u00f5es de dentes inclusos que envolvam maior grau de dificuldade\u00a0s\u00e3o melhor conduzidas\u00a0por um cirurgi\u00e3o\u00a0buco-maxilofacial. <\/span><\/p>\n<p style=\"text-align: justify;\"><span style=\"color: #000000;\">Casos de extrema complexidade ou que envolvam pacientes com necessidades especias, podem ter indica\u00e7\u00e3o de realiza\u00e7\u00e3o\u00a0em n\u00edvel hospitalar, sob seda\u00e7\u00e3o anest\u00e9sica geral.\u00a0<\/span><\/p>\n<p><a class=\"dt-single-image\" href=\"https:\/\/odontoapeles.com.br\/dentista\/clinica-odontologica\/zona-sul\/wp-content\/uploads\/2018\/08\/cabecalho-11.png\" data-dt-img-description=\"\"><img loading=\"lazy\" decoding=\"async\" class=\"aligncenter wp-image-10843 size-full\" src=\"https:\/\/odontoapeles.com.br\/dentista\/clinica-odontologica\/zona-sul\/wp-content\/uploads\/2018\/08\/cabecalho-11.png\" alt=\"\" width=\"910\" height=\"272\" srcset=\"https:\/\/odontoapeles.com.br\/dentista\/clinica-odontologica\/zona-sul\/wp-content\/uploads\/2018\/08\/cabecalho-11.png 910w, https:\/\/odontoapeles.com.br\/dentista\/clinica-odontologica\/zona-sul\/wp-content\/uploads\/2018\/08\/cabecalho-11-300x90.png 300w, https:\/\/odontoapeles.com.br\/dentista\/clinica-odontologica\/zona-sul\/wp-content\/uploads\/2018\/08\/cabecalho-11-768x230.png 768w, https:\/\/odontoapeles.com.br\/dentista\/clinica-odontologica\/zona-sul\/wp-content\/uploads\/2018\/08\/cabecalho-11-600x179.png 600w\" sizes=\"(max-width: 910px) 100vw, 910px\" \/><\/a><\/p>\n<h2><\/h2>\n<p>&nbsp;<\/p>\n<div class=\"caldera-grid\" id=\"caldera_form_1\" data-cf-ver=\"1.9.7\" data-cf-form-id=\"CF5b00382b5a25d\"><div id=\"caldera_notices_1\" data-spinner=\"https:\/\/odontoapeles.com.br\/dentista\/clinica-odontologica\/zona-sul\/wp-admin\/images\/spinner.gif\"><\/div><form data-instance=\"1\" class=\"CF5b00382b5a25d caldera_forms_form cfajax-trigger\" method=\"POST\" enctype=\"multipart\/form-data\" id=\"CF5b00382b5a25d_1\" data-form-id=\"CF5b00382b5a25d\" aria-label=\"FALE CONOSCO\" data-target=\"#caldera_notices_1\" data-template=\"#cfajax_CF5b00382b5a25d-tmpl\" data-cfajax=\"CF5b00382b5a25d\" data-load-element=\"_parent\" data-load-class=\"cf_processing\" data-post-disable=\"0\" data-action=\"cf_process_ajax_submit\" data-request=\"https:\/\/odontoapeles.com.br\/dentista\/clinica-odontologica\/zona-sul\/cf-api\/CF5b00382b5a25d\" data-hiderows=\"true\">\r\n<input type=\"hidden\" id=\"_cf_verify_CF5b00382b5a25d\" name=\"_cf_verify\" value=\"fece37da7f\"  data-nonce-time=\"1777512583\" \/><input type=\"hidden\" name=\"_wp_http_referer\" value=\"\/dentista\/clinica-odontologica\/zona-sul\/wp-json\/wp\/v2\/posts\/1651\" \/><div id=\"cf2-CF5b00382b5a25d_1\"><\/div><input type=\"hidden\" name=\"_cf_frm_id\" value=\"CF5b00382b5a25d\">\r\n<input type=\"hidden\" name=\"_cf_frm_ct\" value=\"1\">\r\n<input type=\"hidden\" name=\"cfajax\" value=\"CF5b00382b5a25d\">\r\n<input type=\"hidden\" name=\"_cf_cr_pst\" value=\"1651\">\r\n<div class=\"hide\" style=\"display:none; overflow:hidden;height:0;width:0;\">\r\n<label>Twitter<\/label><input type=\"text\" name=\"twitter\" value=\"\" autocomplete=\"off\">\r\n<\/div><div id=\"CF5b00382b5a25d_1-row-1\"  class=\"row  first_row\"><div  class=\"col-sm-12  single\"><div class=\"\"><\/div><\/div><\/div><div id=\"CF5b00382b5a25d_1-row-2\"  class=\"row \"><div  class=\"col-sm-4  first_col\"><div data-field-wrapper=\"fld_8768091\" class=\"form-group\" id=\"fld_8768091_1-wrap\">\r\n\t<label id=\"fld_8768091Label\" for=\"fld_8768091_1\" class=\"control-label\">Nome <span aria-hidden=\"true\" role=\"presentation\" class=\"field_required\" style=\"color:#ee0000;\">*<\/span><\/label>\r\n\t<div class=\"\">\r\n\t\t<input   required type=\"text\" data-field=\"fld_8768091\" class=\" form-control\" id=\"fld_8768091_1\" name=\"fld_8768091\" value=\"\" data-type=\"text\" aria-required=\"true\"   aria-labelledby=\"fld_8768091Label\" >\t\t\t<\/div>\r\n<\/div>\r\n<div data-field-wrapper=\"fld_9286608\" class=\"form-group\" id=\"fld_9286608_1-wrap\">\r\n\t<label id=\"fld_9286608Label\" for=\"fld_9286608_1\" class=\"control-label\">WhatsApp<\/label>\r\n\t<div class=\"\">\r\n\t\t<input    type=\"text\" data-field=\"fld_9286608\" class=\" form-control\" id=\"fld_9286608_1\" name=\"fld_9286608\" value=\"\" data-type=\"text\"   aria-labelledby=\"fld_9286608Label\" >\t\t\t<\/div>\r\n<\/div>\r\n<\/div><div  class=\"col-sm-4 \"><div data-field-wrapper=\"fld_9970286\" class=\"form-group\" id=\"fld_9970286_1-wrap\">\r\n\t<label id=\"fld_9970286Label\" for=\"fld_9970286_1\" class=\"control-label\">Telefone <span aria-hidden=\"true\" role=\"presentation\" class=\"field_required\" style=\"color:#ee0000;\">*<\/span><\/label>\r\n\t<div class=\"\">\r\n\t\t<input   required type=\"text\" data-field=\"fld_9970286\" class=\" form-control\" id=\"fld_9970286_1\" name=\"fld_9970286\" value=\"\" data-type=\"text\" aria-required=\"true\"   aria-labelledby=\"fld_9970286Label\" >\t\t\t<\/div>\r\n<\/div>\r\n<div data-field-wrapper=\"fld_8026901\" class=\"form-group\" id=\"fld_8026901_1-wrap\">\r\n\t<label id=\"fld_8026901Label\" for=\"fld_8026901_1\" class=\"control-label\">Como nos Conheceu?<\/label>\r\n\t<div class=\"\">\r\n\t\t<select name=\"fld_8026901\" value=\"opt1754659\" data-field=\"fld_8026901\" class=\"form-control\" id=\"fld_8026901_1\"    aria-labelledby=\"fld_8026901Label\" >\n\t\t\t\t\t\t\t<option value=\"Google\" selected=\"selected\" data-calc-value=\"Google\" >\n\t\t\t\t\t\tGoogle\t\t\t\t\t<\/option>\n\t\t\t\t\t\t\t\t\t\t<option value=\"Facebook\"  data-calc-value=\"Facebook\" >\n\t\t\t\t\t\tFacebook\t\t\t\t\t<\/option>\n\t\t\t\t\t\t\t\t\t\t<option value=\"Instagram\"  data-calc-value=\"Instagram\" >\n\t\t\t\t\t\tInstagram\t\t\t\t\t<\/option>\n\t\t\t\t\t\t\t\t\t\t<option value=\"Indica\u00e7\u00e3o\"  data-calc-value=\"Indica\u00e7\u00e3o\" >\n\t\t\t\t\t\tIndica\u00e7\u00e3o\t\t\t\t\t<\/option>\n\t\t\t\t\t\t\t\t\t\t<option value=\"Placa\"  data-calc-value=\"Placa\" >\n\t\t\t\t\t\tPlaca\t\t\t\t\t<\/option>\n\t\t\t\t\t\t\t\t\t\t<option value=\"Outros\"  data-calc-value=\"Outros\" >\n\t\t\t\t\t\tOutros\t\t\t\t\t<\/option>\n\t\t\t\t\t\t\t<\/select>\n\t\t\t<\/div>\r\n<\/div>\r\n<\/div><div  class=\"col-sm-4  last_col\"><div data-field-wrapper=\"fld_6009157\" class=\"form-group\" id=\"fld_6009157_1-wrap\">\r\n\t<label id=\"fld_6009157Label\" for=\"fld_6009157_1\" class=\"control-label\">Endere\u00e7o de E-mail <span aria-hidden=\"true\" role=\"presentation\" class=\"field_required\" style=\"color:#ee0000;\">*<\/span><\/label>\r\n\t<div class=\"\">\r\n\t\t<input   required type=\"email\" data-field=\"fld_6009157\" class=\" form-control\" id=\"fld_6009157_1\" name=\"fld_6009157\" value=\"\" data-type=\"email\" aria-required=\"true\"   aria-labelledby=\"fld_6009157Label\" >\t\t\t<\/div>\r\n<\/div>\r\n<div data-field-wrapper=\"fld_2601416\" class=\"form-group\" id=\"fld_2601416_1-wrap\">\r\n\t<label id=\"fld_2601416Label\" for=\"fld_2601416_1\" class=\"control-label\">Que Tratamento Deseja Realizar?<\/label>\r\n\t<div class=\"\">\r\n\t\t<select name=\"fld_2601416\" value=\"\" data-field=\"fld_2601416\" class=\"form-control\" id=\"fld_2601416_1\"    aria-labelledby=\"fld_2601416Label\" >\n\t\t<option value=\"\"><\/option>\r\n\t\t\t\t\t<option value=\"Harmoniza\u00e7\u00e3o Orofacial\"  data-calc-value=\"Harmoniza\u00e7\u00e3o Orofacial\" >\n\t\t\t\t\t\tHarmoniza\u00e7\u00e3o Orofacial\t\t\t\t\t<\/option>\n\t\t\t\t\t\t\t\t\t\t<option value=\"Botox e Preenchimento Facial\"  data-calc-value=\"Botox e Preenchimento Facial\" >\n\t\t\t\t\t\tBotox e Preenchimento Facial\t\t\t\t\t<\/option>\n\t\t\t\t\t\t\t\t\t\t<option value=\"Bichectomia\"  data-calc-value=\"Bichectomia\" >\n\t\t\t\t\t\tBichectomia\t\t\t\t\t<\/option>\n\t\t\t\t\t\t\t\t\t\t<option value=\"Lipo de Papada\"  data-calc-value=\"Lipo de Papada\" >\n\t\t\t\t\t\tLipo de Papada\t\t\t\t\t<\/option>\n\t\t\t\t\t\t\t\t\t\t<option value=\"Jato de Plasma\"  data-calc-value=\"Jato de Plasma\" >\n\t\t\t\t\t\tJato de Plasma\t\t\t\t\t<\/option>\n\t\t\t\t\t\t\t\t\t\t<option value=\"Odontologia Est\u00e9tica\"  data-calc-value=\"Odontologia Est\u00e9tica\" >\n\t\t\t\t\t\tOdontologia Est\u00e9tica\t\t\t\t\t<\/option>\n\t\t\t\t\t\t\t\t\t\t<option value=\"Rinomodela\u00e7\u00e3o\"  data-calc-value=\"Rinomodela\u00e7\u00e3o\" >\n\t\t\t\t\t\tRinomodela\u00e7\u00e3o\t\t\t\t\t<\/option>\n\t\t\t\t\t\t\t\t\t\t<option value=\"Implantes Dent\u00e1rios\"  data-calc-value=\"Implantes Dent\u00e1rios\" >\n\t\t\t\t\t\tImplantes Dent\u00e1rios\t\t\t\t\t<\/option>\n\t\t\t\t\t\t\t\t\t\t<option value=\"Clareamento Dental\"  data-calc-value=\"Clareamento Dental\" >\n\t\t\t\t\t\tClareamento Dental\t\t\t\t\t<\/option>\n\t\t\t\t\t\t\t\t\t\t<option value=\"Ortodontia\"  data-calc-value=\"Ortodontia\" >\n\t\t\t\t\t\tOrtodontia\t\t\t\t\t<\/option>\n\t\t\t\t\t\t\t\t\t\t<option value=\"Endodontia\"  data-calc-value=\"Endodontia\" >\n\t\t\t\t\t\tEndodontia\t\t\t\t\t<\/option>\n\t\t\t\t\t\t\t\t\t\t<option value=\"Pr\u00f3tese Dental\"  data-calc-value=\"Pr\u00f3tese Dental\" >\n\t\t\t\t\t\tPr\u00f3tese Dental\t\t\t\t\t<\/option>\n\t\t\t\t\t\t\t\t\t\t<option value=\"Periodontia\"  data-calc-value=\"Periodontia\" >\n\t\t\t\t\t\tPeriodontia\t\t\t\t\t<\/option>\n\t\t\t\t\t\t\t\t\t\t<option value=\"Cirurgia Oral\"  data-calc-value=\"Cirurgia Oral\" >\n\t\t\t\t\t\tCirurgia Oral\t\t\t\t\t<\/option>\n\t\t\t\t\t\t\t<\/select>\n\t\t\t<\/div>\r\n<\/div>\r\n<\/div><\/div><div id=\"CF5b00382b5a25d_1-row-3\"  class=\"row \"><div  class=\"col-sm-12  single\"><div data-field-wrapper=\"fld_8340154\" class=\"form-group\" id=\"fld_8340154_1-wrap\">\r\n\t<label id=\"fld_8340154Label\" for=\"fld_8340154_1\" class=\"control-label\">Sua Mensagem<\/label>\r\n\t<div class=\"\">\r\n\t\t<textarea name=\"fld_8340154\" value=\"\" data-field=\"fld_8340154\" class=\"form-control\" id=\"fld_8340154_1\" rows=\"4\"    aria-labelledby=\"fld_8340154Label\" ><\/textarea>\n\t\t\t<\/div>\r\n<\/div>\r\n<div class=\"\"><p><\/p>\n<\/div><\/div><\/div><div id=\"CF5b00382b5a25d_1-row-4\"  class=\"row  last_row\"><div  class=\"col-sm-12  single\"><div data-field-wrapper=\"fld_7908577\" class=\"form-group\" id=\"fld_7908577_1-wrap\">\r\n<div class=\"\">\r\n\t<input  class=\"btn btn-default\" type=\"submit\" name=\"fld_7908577\" id=\"fld_7908577_1\" value=\"Enviar Mensagem\" data-field=\"fld_7908577\"  >\n<\/div>\r\n<\/div>\r\n\t<input class=\"button_trigger_1\" type=\"hidden\" name=\"fld_7908577\" id=\"fld_7908577_1_btn\" value=\"\" data-field=\"fld_7908577\"  \/>\n<\/div><\/div><\/form>\r\n<\/div>\r\n\n<h2 style=\"text-align: justify;\"><span style=\"color: #ffffff;\">Extra\u00e7\u00e3o de Dentes do Siso Inclusos Zona Sul,\u00a0Extra\u00e7\u00e3o de Dentes do Siso Inclusos na Zona Sul,\u00a0Extra\u00e7\u00e3o de Dentes do Siso Inclusos Zona Sul SP,\u00a0Extra\u00e7\u00e3o de Dentes do Siso Inclusos na Zona Sul SP,\u00a0Extra\u00e7\u00e3o de Dentes do Siso Inclusos Zona Sul de SP,\u00a0Extra\u00e7\u00e3o de Dentes do Siso Inclusos Zona Sul de SP,\u00a0Extra\u00e7\u00e3o de Dentes do Siso Inclusos Zona Sul de S\u00e3o Paulo,\u00a0Extra\u00e7\u00e3o de Dentes do Siso Inclusos na Zona Sul de S\u00e3o Paulo, Extra\u00e7\u00e3o de Dentes do Siso Inclusos Zona Sul,\u00a0Extra\u00e7\u00e3o de Dentes do Siso Inclusos na Zona Sul,\u00a0Extra\u00e7\u00e3o de Dentes do Siso Inclusos Zona Sul SP,\u00a0Extra\u00e7\u00e3o de Dentes do Siso Inclusos na Zona Sul SP,\u00a0Extra\u00e7\u00e3o de Dentes do Siso Inclusos Zona Sul de SP,\u00a0Extra\u00e7\u00e3o de Dentes do Siso Inclusos Zona Sul de SP,\u00a0Extra\u00e7\u00e3o de Dentes do Siso Inclusos Zona Sul de S\u00e3o Paulo,\u00a0Extra\u00e7\u00e3o de Dentes do Siso Inclusos na Zona Sul de S\u00e3o Paulo, Extra\u00e7\u00e3o Dent\u00e1ria Zona Sul, Extra\u00e7\u00e3o Dent\u00e1ria na Zona Sul, Extra\u00e7\u00e3o Dent\u00e1ria Zona Sul SP, Extra\u00e7\u00e3o Dent\u00e1ria na Zona Sul SP, Extra\u00e7\u00e3o Dent\u00e1ria Zona Sul de SP,\u00a0Extra\u00e7\u00e3o Dent\u00e1ria Zona Sul de SP, Extra\u00e7\u00e3o Dent\u00e1ria Zona Sul de S\u00e3o Paulo, Extra\u00e7\u00e3o Dent\u00e1ria na Zona Sul de S\u00e3o Paulo,<\/span><\/h2>\n<h2 style=\"text-align: justify;\"><span style=\"color: #ffffff;\">Extra\u00e7\u00e3o Dent\u00e1ria Yervant, Extra\u00e7\u00e3o Dent\u00e1ria na Yervant,\u00a0Extra\u00e7\u00e3o Dent\u00e1ria Av. Yervant, Extra\u00e7\u00e3o Dent\u00e1ria na Av. Yervant, Extra\u00e7\u00e3o Dent\u00e1ria Yervant Kissajikian, Extra\u00e7\u00e3o Dent\u00e1ria na Yervant Kissajikian, Extra\u00e7\u00e3o Dent\u00e1ria Av. Yervant Kissajikian, Extra\u00e7\u00e3o Dent\u00e1ria na Av.\u00a0Yervant Kissajikian,\u00a0<\/span><\/h2>\n<h2 style=\"text-align: justify;\"><span style=\"color: #ffffff;\">Extra\u00e7\u00e3o de Dentes Vila Constancia,\u00a0Extra\u00e7\u00e3o de Dentes na Vila Constancia,\u00a0Extra\u00e7\u00e3o de Dentes Vila Constancia,\u00a0Extra\u00e7\u00e3o de Dentes Vila Constancia,\u00a0Extra\u00e7\u00e3o de Dentes Vila Constancia,\u00a0Extra\u00e7\u00e3o de Dentes na Vila Constancia,\u00a0Extra\u00e7\u00e3o de Dentes Vila Constancia,\u00a0Extra\u00e7\u00e3o de Dentes Vila Constancia,\u00a0<\/span><\/h2>\n","protected":false},"excerpt":{"rendered":"<p>Extra\u00e7\u00e3o Dent\u00e1ria &#8211; Introdu\u00e7\u00e3o: Antes de pr\u00e1tica de qualquer extra\u00e7\u00e3o dent\u00e1ria, o dentista dever\u00e1 fazer uma revis\u00e3o completa do hist\u00f3rico m\u00e9dico e dent\u00e1rio do paciente, al\u00e9m de solicitar as radiografias necess\u00e1rias. As radiografias revelam o comprimento, formato, posi\u00e7\u00e3o do dente e do osso adjacente, assim como a rela\u00e7\u00e3o do dente a ser extra\u00eddo com as&hellip;<\/p>\n","protected":false},"author":1,"featured_media":7957,"comment_status":"open","ping_status":"open","sticky":false,"template":"","format":"standard","meta":{"_joinchat":[],"footnotes":""},"categories":[1],"tags":[],"class_list":["post-1651","post","type-post","status-publish","format-standard","has-post-thumbnail","hentry","category-artigos-odontologicos","category-1","description-off"],"yoast_head":"<!-- This site is optimized with the Yoast SEO Premium plugin v22.1 (Yoast SEO v25.8) - https:\/\/yoast.com\/wordpress\/plugins\/seo\/ -->\n<title>Extra\u00e7\u00e3o Dent\u00e1ria Zona Sul SP - Odontologia Apeles Lemos - 5563.5471<\/title>\n<meta name=\"description\" content=\"A extra\u00e7\u00e3o dent\u00e1ria deve ser evitada se poss\u00edvel, mas indicada quando o dente afetado n\u00e3o pode ser recuperado e coloca em risco a sa\u00fade geral.\" \/>\n<meta name=\"robots\" content=\"index, follow, max-snippet:-1, max-image-preview:large, max-video-preview:-1\" \/>\n<link rel=\"canonical\" href=\"https:\/\/odontoapeles.com.br\/dentista\/clinica-odontologica\/zona-sul\/extracao-dentaria\/\" \/>\n<meta name=\"twitter:label1\" content=\"Escrito por\" \/>\n\t<meta name=\"twitter:data1\" content=\"administrador\" \/>\n\t<meta name=\"twitter:label2\" content=\"Est. tempo de leitura\" \/>\n\t<meta name=\"twitter:data2\" content=\"10 minutos\" \/>\n<script type=\"application\/ld+json\" class=\"yoast-schema-graph\">{\"@context\":\"https:\/\/schema.org\",\"@graph\":[{\"@type\":\"Article\",\"@id\":\"https:\/\/odontoapeles.com.br\/dentista\/clinica-odontologica\/zona-sul\/extracao-dentaria\/#article\",\"isPartOf\":{\"@id\":\"https:\/\/odontoapeles.com.br\/dentista\/clinica-odontologica\/zona-sul\/extracao-dentaria\/\"},\"author\":{\"name\":\"administrador\",\"@id\":\"https:\/\/odontoapeles.com.br\/dentista\/clinica-odontologica\/zona-sul\/#\/schema\/person\/e05aefb4aac5b48d28fe5ef123d5e991\"},\"headline\":\"Extra\u00e7\u00e3o Dent\u00e1ria\",\"datePublished\":\"2016-02-08T03:02:42+00:00\",\"dateModified\":\"2021-04-03T23:56:27+00:00\",\"mainEntityOfPage\":{\"@id\":\"https:\/\/odontoapeles.com.br\/dentista\/clinica-odontologica\/zona-sul\/extracao-dentaria\/\"},\"wordCount\":1969,\"commentCount\":0,\"publisher\":{\"@id\":\"https:\/\/odontoapeles.com.br\/dentista\/clinica-odontologica\/zona-sul\/#organization\"},\"image\":{\"@id\":\"https:\/\/odontoapeles.com.br\/dentista\/clinica-odontologica\/zona-sul\/extracao-dentaria\/#primaryimage\"},\"thumbnailUrl\":\"https:\/\/odontoapeles.com.br\/dentista\/clinica-odontologica\/zona-sul\/wp-content\/uploads\/2016\/02\/procedimento-de-extracao-do-dente.jpg\",\"articleSection\":[\"Artigos Odontol\u00f3gicos\"],\"inLanguage\":\"pt-BR\",\"potentialAction\":[{\"@type\":\"CommentAction\",\"name\":\"Comment\",\"target\":[\"https:\/\/odontoapeles.com.br\/dentista\/clinica-odontologica\/zona-sul\/extracao-dentaria\/#respond\"]}]},{\"@type\":\"WebPage\",\"@id\":\"https:\/\/odontoapeles.com.br\/dentista\/clinica-odontologica\/zona-sul\/extracao-dentaria\/\",\"url\":\"https:\/\/odontoapeles.com.br\/dentista\/clinica-odontologica\/zona-sul\/extracao-dentaria\/\",\"name\":\"Extra\u00e7\u00e3o Dent\u00e1ria Zona Sul SP - Odontologia Apeles Lemos - 5563.5471\",\"isPartOf\":{\"@id\":\"https:\/\/odontoapeles.com.br\/dentista\/clinica-odontologica\/zona-sul\/#website\"},\"primaryImageOfPage\":{\"@id\":\"https:\/\/odontoapeles.com.br\/dentista\/clinica-odontologica\/zona-sul\/extracao-dentaria\/#primaryimage\"},\"image\":{\"@id\":\"https:\/\/odontoapeles.com.br\/dentista\/clinica-odontologica\/zona-sul\/extracao-dentaria\/#primaryimage\"},\"thumbnailUrl\":\"https:\/\/odontoapeles.com.br\/dentista\/clinica-odontologica\/zona-sul\/wp-content\/uploads\/2016\/02\/procedimento-de-extracao-do-dente.jpg\",\"datePublished\":\"2016-02-08T03:02:42+00:00\",\"dateModified\":\"2021-04-03T23:56:27+00:00\",\"description\":\"A extra\u00e7\u00e3o dent\u00e1ria deve ser evitada se poss\u00edvel, mas indicada quando o dente afetado n\u00e3o pode ser recuperado e coloca em risco a sa\u00fade geral.\",\"breadcrumb\":{\"@id\":\"https:\/\/odontoapeles.com.br\/dentista\/clinica-odontologica\/zona-sul\/extracao-dentaria\/#breadcrumb\"},\"inLanguage\":\"pt-BR\",\"potentialAction\":[{\"@type\":\"ReadAction\",\"target\":[\"https:\/\/odontoapeles.com.br\/dentista\/clinica-odontologica\/zona-sul\/extracao-dentaria\/\"]}]},{\"@type\":\"ImageObject\",\"inLanguage\":\"pt-BR\",\"@id\":\"https:\/\/odontoapeles.com.br\/dentista\/clinica-odontologica\/zona-sul\/extracao-dentaria\/#primaryimage\",\"url\":\"https:\/\/odontoapeles.com.br\/dentista\/clinica-odontologica\/zona-sul\/wp-content\/uploads\/2016\/02\/procedimento-de-extracao-do-dente.jpg\",\"contentUrl\":\"https:\/\/odontoapeles.com.br\/dentista\/clinica-odontologica\/zona-sul\/wp-content\/uploads\/2016\/02\/procedimento-de-extracao-do-dente.jpg\",\"width\":319,\"height\":243},{\"@type\":\"BreadcrumbList\",\"@id\":\"https:\/\/odontoapeles.com.br\/dentista\/clinica-odontologica\/zona-sul\/extracao-dentaria\/#breadcrumb\",\"itemListElement\":[{\"@type\":\"ListItem\",\"position\":1,\"name\":\"In\u00edcio\",\"item\":\"https:\/\/odontoapeles.com.br\/dentista\/clinica-odontologica\/zona-sul\/\"},{\"@type\":\"ListItem\",\"position\":2,\"name\":\"Extra\u00e7\u00e3o Dent\u00e1ria\"}]},{\"@type\":\"WebSite\",\"@id\":\"https:\/\/odontoapeles.com.br\/dentista\/clinica-odontologica\/zona-sul\/#website\",\"url\":\"https:\/\/odontoapeles.com.br\/dentista\/clinica-odontologica\/zona-sul\/\",\"name\":\"Dentista Zona Sul SP - Odontologia Apeles Lemos - 5563-5471\",\"description\":\"Refer\u00eancia h\u00e1 30 anos em Odontologia, Cl\u00ednica Odontol\u00f3gica, Cl\u00ednica Dent\u00e1ria e Dentista Zona Sul SP. Whats App: 9 4624-0000. Dentista Zona Sul SP - Odontologia Apeles Lemos - 5563-5471\",\"publisher\":{\"@id\":\"https:\/\/odontoapeles.com.br\/dentista\/clinica-odontologica\/zona-sul\/#organization\"},\"potentialAction\":[{\"@type\":\"SearchAction\",\"target\":{\"@type\":\"EntryPoint\",\"urlTemplate\":\"https:\/\/odontoapeles.com.br\/dentista\/clinica-odontologica\/zona-sul\/?s={search_term_string}\"},\"query-input\":{\"@type\":\"PropertyValueSpecification\",\"valueRequired\":true,\"valueName\":\"search_term_string\"}}],\"inLanguage\":\"pt-BR\"},{\"@type\":\"Organization\",\"@id\":\"https:\/\/odontoapeles.com.br\/dentista\/clinica-odontologica\/zona-sul\/#organization\",\"name\":\"Dentista Zona Sul SP - Odontologia Apeles Lemos - 5563-5471\",\"url\":\"https:\/\/odontoapeles.com.br\/dentista\/clinica-odontologica\/zona-sul\/\",\"logo\":{\"@type\":\"ImageObject\",\"inLanguage\":\"pt-BR\",\"@id\":\"https:\/\/odontoapeles.com.br\/dentista\/clinica-odontologica\/zona-sul\/#\/schema\/logo\/image\/\",\"url\":\"https:\/\/odontoapeles.com.br\/dentista\/clinica-odontologica\/zona-sul\/wp-content\/uploads\/2018\/05\/logo.png\",\"contentUrl\":\"https:\/\/odontoapeles.com.br\/dentista\/clinica-odontologica\/zona-sul\/wp-content\/uploads\/2018\/05\/logo.png\",\"width\":443,\"height\":190,\"caption\":\"Dentista Zona Sul SP - Odontologia Apeles Lemos - 5563-5471\"},\"image\":{\"@id\":\"https:\/\/odontoapeles.com.br\/dentista\/clinica-odontologica\/zona-sul\/#\/schema\/logo\/image\/\"},\"sameAs\":[\"https:\/\/www.facebook.com\/odontoapeles\"]},{\"@type\":\"Person\",\"@id\":\"https:\/\/odontoapeles.com.br\/dentista\/clinica-odontologica\/zona-sul\/#\/schema\/person\/e05aefb4aac5b48d28fe5ef123d5e991\",\"name\":\"administrador\",\"image\":{\"@type\":\"ImageObject\",\"inLanguage\":\"pt-BR\",\"@id\":\"https:\/\/odontoapeles.com.br\/dentista\/clinica-odontologica\/zona-sul\/#\/schema\/person\/image\/\",\"url\":\"https:\/\/secure.gravatar.com\/avatar\/e3089e6fb36c5ac23fe49c3206f06570?s=96&d=mm&r=g\",\"contentUrl\":\"https:\/\/secure.gravatar.com\/avatar\/e3089e6fb36c5ac23fe49c3206f06570?s=96&d=mm&r=g\",\"caption\":\"administrador\"}}]}<\/script>\n<!-- \/ Yoast SEO Premium plugin. -->","yoast_head_json":{"title":"Extra\u00e7\u00e3o Dent\u00e1ria Zona Sul SP - Odontologia Apeles Lemos - 5563.5471","description":"A extra\u00e7\u00e3o dent\u00e1ria deve ser evitada se poss\u00edvel, mas indicada quando o dente afetado n\u00e3o pode ser recuperado e coloca em risco a sa\u00fade geral.","robots":{"index":"index","follow":"follow","max-snippet":"max-snippet:-1","max-image-preview":"max-image-preview:large","max-video-preview":"max-video-preview:-1"},"canonical":"https:\/\/odontoapeles.com.br\/dentista\/clinica-odontologica\/zona-sul\/extracao-dentaria\/","twitter_misc":{"Escrito por":"administrador","Est. tempo de leitura":"10 minutos"},"schema":{"@context":"https:\/\/schema.org","@graph":[{"@type":"Article","@id":"https:\/\/odontoapeles.com.br\/dentista\/clinica-odontologica\/zona-sul\/extracao-dentaria\/#article","isPartOf":{"@id":"https:\/\/odontoapeles.com.br\/dentista\/clinica-odontologica\/zona-sul\/extracao-dentaria\/"},"author":{"name":"administrador","@id":"https:\/\/odontoapeles.com.br\/dentista\/clinica-odontologica\/zona-sul\/#\/schema\/person\/e05aefb4aac5b48d28fe5ef123d5e991"},"headline":"Extra\u00e7\u00e3o Dent\u00e1ria","datePublished":"2016-02-08T03:02:42+00:00","dateModified":"2021-04-03T23:56:27+00:00","mainEntityOfPage":{"@id":"https:\/\/odontoapeles.com.br\/dentista\/clinica-odontologica\/zona-sul\/extracao-dentaria\/"},"wordCount":1969,"commentCount":0,"publisher":{"@id":"https:\/\/odontoapeles.com.br\/dentista\/clinica-odontologica\/zona-sul\/#organization"},"image":{"@id":"https:\/\/odontoapeles.com.br\/dentista\/clinica-odontologica\/zona-sul\/extracao-dentaria\/#primaryimage"},"thumbnailUrl":"https:\/\/odontoapeles.com.br\/dentista\/clinica-odontologica\/zona-sul\/wp-content\/uploads\/2016\/02\/procedimento-de-extracao-do-dente.jpg","articleSection":["Artigos Odontol\u00f3gicos"],"inLanguage":"pt-BR","potentialAction":[{"@type":"CommentAction","name":"Comment","target":["https:\/\/odontoapeles.com.br\/dentista\/clinica-odontologica\/zona-sul\/extracao-dentaria\/#respond"]}]},{"@type":"WebPage","@id":"https:\/\/odontoapeles.com.br\/dentista\/clinica-odontologica\/zona-sul\/extracao-dentaria\/","url":"https:\/\/odontoapeles.com.br\/dentista\/clinica-odontologica\/zona-sul\/extracao-dentaria\/","name":"Extra\u00e7\u00e3o Dent\u00e1ria Zona Sul SP - Odontologia Apeles Lemos - 5563.5471","isPartOf":{"@id":"https:\/\/odontoapeles.com.br\/dentista\/clinica-odontologica\/zona-sul\/#website"},"primaryImageOfPage":{"@id":"https:\/\/odontoapeles.com.br\/dentista\/clinica-odontologica\/zona-sul\/extracao-dentaria\/#primaryimage"},"image":{"@id":"https:\/\/odontoapeles.com.br\/dentista\/clinica-odontologica\/zona-sul\/extracao-dentaria\/#primaryimage"},"thumbnailUrl":"https:\/\/odontoapeles.com.br\/dentista\/clinica-odontologica\/zona-sul\/wp-content\/uploads\/2016\/02\/procedimento-de-extracao-do-dente.jpg","datePublished":"2016-02-08T03:02:42+00:00","dateModified":"2021-04-03T23:56:27+00:00","description":"A extra\u00e7\u00e3o dent\u00e1ria deve ser evitada se poss\u00edvel, mas indicada quando o dente afetado n\u00e3o pode ser recuperado e coloca em risco a sa\u00fade geral.","breadcrumb":{"@id":"https:\/\/odontoapeles.com.br\/dentista\/clinica-odontologica\/zona-sul\/extracao-dentaria\/#breadcrumb"},"inLanguage":"pt-BR","potentialAction":[{"@type":"ReadAction","target":["https:\/\/odontoapeles.com.br\/dentista\/clinica-odontologica\/zona-sul\/extracao-dentaria\/"]}]},{"@type":"ImageObject","inLanguage":"pt-BR","@id":"https:\/\/odontoapeles.com.br\/dentista\/clinica-odontologica\/zona-sul\/extracao-dentaria\/#primaryimage","url":"https:\/\/odontoapeles.com.br\/dentista\/clinica-odontologica\/zona-sul\/wp-content\/uploads\/2016\/02\/procedimento-de-extracao-do-dente.jpg","contentUrl":"https:\/\/odontoapeles.com.br\/dentista\/clinica-odontologica\/zona-sul\/wp-content\/uploads\/2016\/02\/procedimento-de-extracao-do-dente.jpg","width":319,"height":243},{"@type":"BreadcrumbList","@id":"https:\/\/odontoapeles.com.br\/dentista\/clinica-odontologica\/zona-sul\/extracao-dentaria\/#breadcrumb","itemListElement":[{"@type":"ListItem","position":1,"name":"In\u00edcio","item":"https:\/\/odontoapeles.com.br\/dentista\/clinica-odontologica\/zona-sul\/"},{"@type":"ListItem","position":2,"name":"Extra\u00e7\u00e3o Dent\u00e1ria"}]},{"@type":"WebSite","@id":"https:\/\/odontoapeles.com.br\/dentista\/clinica-odontologica\/zona-sul\/#website","url":"https:\/\/odontoapeles.com.br\/dentista\/clinica-odontologica\/zona-sul\/","name":"Dentista Zona Sul SP - Odontologia Apeles Lemos - 5563-5471","description":"Refer\u00eancia h\u00e1 30 anos em Odontologia, Cl\u00ednica Odontol\u00f3gica, Cl\u00ednica Dent\u00e1ria e Dentista Zona Sul SP. Whats App: 9 4624-0000. Dentista Zona Sul SP - Odontologia Apeles Lemos - 5563-5471","publisher":{"@id":"https:\/\/odontoapeles.com.br\/dentista\/clinica-odontologica\/zona-sul\/#organization"},"potentialAction":[{"@type":"SearchAction","target":{"@type":"EntryPoint","urlTemplate":"https:\/\/odontoapeles.com.br\/dentista\/clinica-odontologica\/zona-sul\/?s={search_term_string}"},"query-input":{"@type":"PropertyValueSpecification","valueRequired":true,"valueName":"search_term_string"}}],"inLanguage":"pt-BR"},{"@type":"Organization","@id":"https:\/\/odontoapeles.com.br\/dentista\/clinica-odontologica\/zona-sul\/#organization","name":"Dentista Zona Sul SP - Odontologia Apeles Lemos - 5563-5471","url":"https:\/\/odontoapeles.com.br\/dentista\/clinica-odontologica\/zona-sul\/","logo":{"@type":"ImageObject","inLanguage":"pt-BR","@id":"https:\/\/odontoapeles.com.br\/dentista\/clinica-odontologica\/zona-sul\/#\/schema\/logo\/image\/","url":"https:\/\/odontoapeles.com.br\/dentista\/clinica-odontologica\/zona-sul\/wp-content\/uploads\/2018\/05\/logo.png","contentUrl":"https:\/\/odontoapeles.com.br\/dentista\/clinica-odontologica\/zona-sul\/wp-content\/uploads\/2018\/05\/logo.png","width":443,"height":190,"caption":"Dentista Zona Sul SP - Odontologia Apeles Lemos - 5563-5471"},"image":{"@id":"https:\/\/odontoapeles.com.br\/dentista\/clinica-odontologica\/zona-sul\/#\/schema\/logo\/image\/"},"sameAs":["https:\/\/www.facebook.com\/odontoapeles"]},{"@type":"Person","@id":"https:\/\/odontoapeles.com.br\/dentista\/clinica-odontologica\/zona-sul\/#\/schema\/person\/e05aefb4aac5b48d28fe5ef123d5e991","name":"administrador","image":{"@type":"ImageObject","inLanguage":"pt-BR","@id":"https:\/\/odontoapeles.com.br\/dentista\/clinica-odontologica\/zona-sul\/#\/schema\/person\/image\/","url":"https:\/\/secure.gravatar.com\/avatar\/e3089e6fb36c5ac23fe49c3206f06570?s=96&d=mm&r=g","contentUrl":"https:\/\/secure.gravatar.com\/avatar\/e3089e6fb36c5ac23fe49c3206f06570?s=96&d=mm&r=g","caption":"administrador"}}]}},"_links":{"self":[{"href":"https:\/\/odontoapeles.com.br\/dentista\/clinica-odontologica\/zona-sul\/wp-json\/wp\/v2\/posts\/1651","targetHints":{"allow":["GET"]}}],"collection":[{"href":"https:\/\/odontoapeles.com.br\/dentista\/clinica-odontologica\/zona-sul\/wp-json\/wp\/v2\/posts"}],"about":[{"href":"https:\/\/odontoapeles.com.br\/dentista\/clinica-odontologica\/zona-sul\/wp-json\/wp\/v2\/types\/post"}],"author":[{"embeddable":true,"href":"https:\/\/odontoapeles.com.br\/dentista\/clinica-odontologica\/zona-sul\/wp-json\/wp\/v2\/users\/1"}],"replies":[{"embeddable":true,"href":"https:\/\/odontoapeles.com.br\/dentista\/clinica-odontologica\/zona-sul\/wp-json\/wp\/v2\/comments?post=1651"}],"version-history":[{"count":0,"href":"https:\/\/odontoapeles.com.br\/dentista\/clinica-odontologica\/zona-sul\/wp-json\/wp\/v2\/posts\/1651\/revisions"}],"wp:featuredmedia":[{"embeddable":true,"href":"https:\/\/odontoapeles.com.br\/dentista\/clinica-odontologica\/zona-sul\/wp-json\/wp\/v2\/media\/7957"}],"wp:attachment":[{"href":"https:\/\/odontoapeles.com.br\/dentista\/clinica-odontologica\/zona-sul\/wp-json\/wp\/v2\/media?parent=1651"}],"wp:term":[{"taxonomy":"category","embeddable":true,"href":"https:\/\/odontoapeles.com.br\/dentista\/clinica-odontologica\/zona-sul\/wp-json\/wp\/v2\/categories?post=1651"},{"taxonomy":"post_tag","embeddable":true,"href":"https:\/\/odontoapeles.com.br\/dentista\/clinica-odontologica\/zona-sul\/wp-json\/wp\/v2\/tags?post=1651"}],"curies":[{"name":"wp","href":"https:\/\/api.w.org\/{rel}","templated":true}]}}