{"id":1648,"date":"2016-02-08T03:01:22","date_gmt":"2016-02-08T03:01:22","guid":{"rendered":"http:\/\/odontoapeles.com.br\/clinica-odontologica\/dentista\/zona-sul\/\/?p=1648"},"modified":"2021-01-03T05:26:41","modified_gmt":"2021-01-03T05:26:41","slug":"refrigerantes-e-carie-dentaria","status":"publish","type":"post","link":"https:\/\/odontoapeles.com.br\/dentista\/clinica-odontologica\/zona-sul\/refrigerantes-e-carie-dentaria\/","title":{"rendered":"Refrigerantes e C\u00e1rie dent\u00e1ria"},"content":{"rendered":"<h4><span style=\"color: #0000ff;\"><a class=\"dt-single-image\" href=\"http:\/\/odontoapeles.com.br\/dentista\/clinica-odontologica\/zona-sul\/\/\/wp-content\/uploads\/2016\/02\/REFRIGERANTES.jpg\" rel=\"attachment wp-att-2144\" data-dt-img-description=\"\"><img fetchpriority=\"high\" decoding=\"async\" class=\"alignleft wp-image-2144 size-full\" title=\"Refrigerantes e C\u00e1rie Dent\u00e1ria, Refrigerantes e C\u00e1rie Dent\u00e1ria Zona Sul SP, \" src=\"https:\/\/odontoapeles.com.br\/dentista\/clinica-odontologica\/zona-sul\/wp-content\/uploads\/2016\/02\/REFRIGERANTES.jpg\" alt=\"Refrigerantes e C\u00e1rie Dent\u00e1ria, Refrigerantes e C\u00e1rie Dent\u00e1ria Zona Sul SP, \" width=\"225\" height=\"225\" srcset=\"https:\/\/odontoapeles.com.br\/dentista\/clinica-odontologica\/zona-sul\/wp-content\/uploads\/2016\/02\/REFRIGERANTES.jpg 225w, https:\/\/odontoapeles.com.br\/dentista\/clinica-odontologica\/zona-sul\/wp-content\/uploads\/2016\/02\/REFRIGERANTES-150x150.jpg 150w\" sizes=\"(max-width: 225px) 100vw, 225px\" \/><\/a><strong>Refrigerantes &#8211; seu papel na forma\u00e7\u00e3o da c\u00e1rie dent\u00e1ria:<\/strong><\/span><\/h4>\n<p>Qual a rela\u00e7\u00e3o entre refrigerantes e c\u00e1rie dent\u00e1ria?<\/p>\n<p style=\"text-align: justify;\"><span style=\"color: #000000;\">Os <span style=\"text-decoration: underline;\"><strong>refrigerantes<\/strong><\/span> destacam-se como uma das fontes mais importantes presentes na dieta capazes de causar a c\u00e1rie dental, atingindo pessoas de todas as idades. <\/span><\/p>\n<p style=\"text-align: justify;\"><span style=\"color: #000000;\">O \u00e1cido e o a\u00e7\u00facar encontrados nestas bebidas\u00a0podem dissolver o esmalte do dente e constituir\u00a0fonte de alimento para bact\u00e9rias bucais causadores da c\u00e1rie. <\/span><\/p>\n<p style=\"text-align: justify;\"><span style=\"color: #000000;\">Apesar da c\u00e1rie dent\u00e1ria parecer ser um problema simples de ser resolvido, caso se desenvolva de forma dr\u00e1stica pode afetar o nervo e a raiz do dente, o que al\u00e9m de causar dor, pode levar \u00e0 perda do dente. <\/span><\/p>\n<p style=\"text-align: justify;\"><span style=\"color: #000000;\">Assim sendo, quem quer ter dentes bonitos e saud\u00e1veis deve evitar beber ou reduzir muito o consumo de\u00a0<span style=\"text-decoration: underline;\"><strong>refrigerantes<\/strong><\/span>. <\/span><\/p>\n<p style=\"text-align: justify;\"><span style=\"color: #000000;\">Al\u00e9m disso, para minimizar os danos que podem causar \u00e0 denti\u00e7\u00e3o, indica-se no m\u00ednimo, bochechar grandes quantidades de \u00e1gua logo ap\u00f3s sua ingest\u00e3o, ou, ainda melhor, escovar os dentes imediatamente ap\u00f3s seu consumo. Bebidas sem\u00a0a\u00e7\u00facar s\u00e3o menos prejudiciais e devem ser priorizadas. <\/span><\/p>\n<p style=\"text-align: justify;\"><span style=\"color: #000000;\">Os <span style=\"text-decoration: underline;\"><strong>refrigerantes<\/strong><\/span> s\u00e3o implac\u00e1veis com seus dentes.<\/span><\/p>\n<p style=\"text-align: justify;\"><span style=\"color: #000000;\"> Evitando seu consumo ou reduzindo a quantidade que voc\u00ea ingere, praticando uma boa higiene bucal e buscando ajuda e orienta\u00e7\u00e3o junto ao seu dentista, voc\u00ea pode neutralizar seus efeitos e usufruir de uma sa\u00fade bucal melhor.<\/span><\/p>\n<h4><strong style=\"color: #0000ff;\">Refrigerantes &#8211; consumo aumenta ano a ano:<\/strong><\/h4>\n<p style=\"text-align: justify;\"><span style=\"color: #000000;\">Estimativas indicam que quatro em cada cinco crian\u00e7as em idade escolar consomem pelo menos um refrigerante por dia. <\/span><\/p>\n<p style=\"text-align: justify;\"><span style=\"color: #000000;\">Outros dados sugerem que pelo menos uma em cada cinco crian\u00e7as consome um m\u00ednimo de quatro por\u00e7\u00f5es por dia desta bebida.<span style=\"font-size: 11.6667px;\">\u00a0<\/span><\/span><\/p>\n<p style=\"text-align: justify;\"><span style=\"color: #000000;\">Alguns adolescentes chegam a beber 12 <strong><span style=\"text-decoration: underline;\">refrigerantes<\/span><\/strong> por dia.<\/span><\/p>\n<p style=\"text-align: justify;\"><span style=\"color: #000000;\"><span style=\"font-size: 11.6667px;\">\u00a0<\/span>Por\u00e7\u00f5es maiores agravam o problema. De 180 ml na d\u00e9cada de 80, o tamanho do refrigerante aumentou para 570 ml na d\u00e9cada de 90.\u00a0Crian\u00e7as e adolescentes n\u00e3o s\u00e3o as \u00fanicas pessoas em risco. <\/span><\/p>\n<p style=\"text-align: justify;\"><span style=\"color: #000000;\">O consumo prolongado de <strong><span style=\"text-decoration: underline;\">refrigerantes<\/span><\/strong> tem um efeito cumulativo no esmalte dental, sendo que conforme as pessoas vivem mais tempo, maior probabilidade ter\u00e3o de apresentar os danos resultantes do seu consumo.<\/span><\/p>\n<h4><span style=\"color: #0000ff;\"><strong>Refrigerantes &#8211; sugest\u00f5es para reduzir os danos que causam aos dentes:<\/strong><\/span><\/h4>\n<ul>\n<li style=\"text-align: justify;\"><span style=\"color: #000000;\">Substitua os <strong><span style=\"text-decoration: underline;\">refrigerantes<\/span><\/strong> por bebidas diferentes: Tenha na geladeira bebidas que contenham menos a\u00e7\u00facar e \u00e1cido, como \u00e1gua, leite e suco de fruta 100% natural. Ingira essas bebidas e estimule seus filhos a fazer o mesmo.\u00a0<\/span><\/li>\n<\/ul>\n<ul style=\"text-align: justify;\">\n<li style=\"text-align: justify;\"><span style=\"color: #000000;\">Ap\u00f3s consumir <strong><span style=\"text-decoration: underline;\">refrigerantes<\/span><\/strong>, fa\u00e7a bochechos vigorosos com \u00e1gua para remover vest\u00edgios da bebida que possam prolongar o tempo que o esmalte fica exposto aos seus \u00e1cidos e a\u00e7\u00facares.<\/span><\/li>\n<\/ul>\n<ul style=\"text-align: justify;\">\n<li style=\"text-align: justify;\"><span style=\"color: #000000;\">Use creme dental e enxaguat\u00f3rio com fl\u00faor.\u00a0O <a href=\"https:\/\/www.colgate.com.br\/oral-health\/fluoride\/what-is-fluoride\">fl\u00faor<\/a> reduz as c\u00e1ries e fortalece o esmalte dental, portanto escove com um creme dental que contenha fl\u00faor.\u00a0Fazer bochechos com uma solu\u00e7\u00e3o com fl\u00faor tamb\u00e9m pode ajudar. Seu dentista pode recomendar um enxaguat\u00f3rio bucal que voc\u00ea pode comprar na farm\u00e1cia ou supermercado ou prescrever um mais concentrado dependendo da gravidade do seu problema. Ele tamb\u00e9m pode prescrever um creme dental com maior concentra\u00e7\u00e3o de fl\u00faor.<\/span><\/li>\n<\/ul>\n<ul>\n<li style=\"text-align: justify;\"><span style=\"color: #000000;\">Fa\u00e7a aplica\u00e7\u00f5es profissionais peri\u00f3dicas t\u00f3picas de fl\u00faor.\u00a0Seu dentista determinar\u00e1 o intervalo ideal entre as aplica\u00e7\u00f5es.<\/span><\/li>\n<\/ul>\n<h4><span style=\"color: #0000ff;\"><strong>Refrigerantes &#8211; outras doen\u00e7as associadas ao seu consumo:<\/strong><\/span><\/h4>\n<ul>\n<li style=\"text-align: justify;\"><span style=\"color: #000000;\"><span style=\"text-decoration: underline;\">Asma<\/span>:\u00a0O benzoato de s\u00f3dio encontrado em grande parte dos <span style=\"text-decoration: underline;\"><strong>refrigerantes<\/strong><\/span> \u00e9 associado por muitos profissionais da \u00e1rea m\u00e9dica e da comunidade cient\u00edfica \u00e0 causa de asma e eczema. Assim sendo, quem j\u00e1 tem asma ou eczema, deve evitar este produto para n\u00e3o ter crises intensificadas e quem n\u00e3o quer arriscar desenvolver estas doen\u00e7as, deve fugir do consumo regular de refrigerantes, pois esta subst\u00e2ncia \u00e9 produzida atrav\u00e9s da combina\u00e7\u00e3o do milho com enzimas artificialmente combinadas que fazem o corpo viciar-se.\u00a0O consumo excessivo desta subst\u00e2ncia super doce, por descontrole induzido no organismo, pode provocar diabetes e consequentemente, problemas cardiovasculares.<\/span><\/li>\n<\/ul>\n<ul style=\"text-align: justify;\">\n<li style=\"text-align: justify;\"><span style=\"color: #000000;\"><span style=\"text-decoration: underline;\">Doen\u00e7a card\u00edaca<\/span>:\u00a0A presen\u00e7a do xarope de milho na composi\u00e7\u00e3o da bebida, com seu alto teor de frutose \u00e9 um agravante com rela\u00e7\u00e3o \u00e0 composi\u00e7\u00e3o da bebida, pois esta subst\u00e2ncia \u00e9 produzida atrav\u00e9s da combina\u00e7\u00e3o do milho com enzimas artificialmente combinadas que fazem o corpo viciar-se.\u00a0O consumo excessivo desta subst\u00e2ncia super doce, por descontrole induzido no organismo, provoca diabetes e consequentemente, problemas cardiovasculares.<\/span><\/li>\n<\/ul>\n<ul style=\"text-align: justify;\">\n<li style=\"text-align: justify;\"><span style=\"color: #000000;\"><span style=\"text-decoration: underline;\">Problemas renais<\/span>:\u00a0O \u00e1cido fosf\u00f3rico presente em <span style=\"text-decoration: underline;\"><strong>refrigerantes<\/strong><\/span> \u00e9 causador de pedras nos rins e problemas renais, pois para manter o equil\u00edbrio do corpo este \u00e1cido obriga os rins a aguentarem a sobrecarga de atividade.<\/span><\/li>\n<\/ul>\n<ul style=\"text-align: justify;\">\n<li style=\"text-align: justify;\"><span style=\"color: #000000;\"><span style=\"text-decoration: underline;\">Obesidade<\/span>:\u00a0H\u00e1 uma estreita rela\u00e7\u00e3o entre o consumo de <strong><span style=\"text-decoration: underline;\">refrigerantes<\/span><\/strong> e obesidade. Estima-se que para cada refrigerante bebido, o indiv\u00edduo tem 1,6 vezes mais probabilidade de ser obeso.\u00a0A composi\u00e7\u00e3o do xarope de milho com alto teor de frutose, presente nos <strong><span style=\"text-decoration: underline;\">refrigerantes<\/span><\/strong>, \u00e9 considerado um dos principais causadores da obesidade, pois inibe a leptina, horm\u00f4nio respons\u00e1vel por informar a saciedade alimentar ao corpo.<\/span><\/li>\n<\/ul>\n<ul style=\"text-align: justify;\">\n<li style=\"text-align: justify;\"><span style=\"color: #000000;\"><span style=\"text-decoration: underline;\">Dist\u00farbios reprodutivos<\/span>:\u00a0Muitos <strong><span style=\"text-decoration: underline;\">refrigerantes<\/span><\/strong> s\u00e3o envasados em embalagens que cont\u00e9m ABP ou bisfenil-A, uma resina que \u00e9 associada ao desenvolvimento de puberdade precoce e outros problemas reprodutivos.<\/span><\/li>\n<\/ul>\n<ul>\n<li style=\"text-align: justify;\"><span style=\"color: #000000;\"><span style=\"text-decoration: underline;\">Osteoporose<\/span>:\u00a0O \u00e1cido fosf\u00f3rico encontrado em <strong><span style=\"text-decoration: underline;\">refrigerantes<\/span><\/strong>, j\u00e1 mencionado por afetar os rins, tamb\u00e9m prejudica os ossos, pois para o equil\u00edbrio qu\u00edmico a subst\u00e2ncia retira c\u00e1lcio do corpo, que ao longo do tempo pode causar degenera\u00e7\u00f5es severas.<\/span><\/li>\n<\/ul>\n<h2><\/h2>\n<p><a class=\"dt-single-image\" href=\"https:\/\/odontoapeles.com.br\/dentista\/clinica-odontologica\/zona-sul\/wp-content\/uploads\/2018\/08\/cabecalho-11.png\" data-dt-img-description=\"\"><img decoding=\"async\" class=\"aligncenter wp-image-10843 size-full\" title=\"Coroas Prot\u00e9ticas em Porcelana\u00a0Zona Sul SP,\u00a0\" src=\"https:\/\/odontoapeles.com.br\/dentista\/clinica-odontologica\/zona-sul\/wp-content\/uploads\/2018\/08\/cabecalho-11.png\" alt=\"Coroas Prot\u00e9ticas em Porcelana\u00a0na Zona Sul SP,\u00a0\" width=\"910\" height=\"272\" srcset=\"https:\/\/odontoapeles.com.br\/dentista\/clinica-odontologica\/zona-sul\/wp-content\/uploads\/2018\/08\/cabecalho-11.png 910w, https:\/\/odontoapeles.com.br\/dentista\/clinica-odontologica\/zona-sul\/wp-content\/uploads\/2018\/08\/cabecalho-11-300x90.png 300w, https:\/\/odontoapeles.com.br\/dentista\/clinica-odontologica\/zona-sul\/wp-content\/uploads\/2018\/08\/cabecalho-11-768x230.png 768w, https:\/\/odontoapeles.com.br\/dentista\/clinica-odontologica\/zona-sul\/wp-content\/uploads\/2018\/08\/cabecalho-11-600x179.png 600w\" sizes=\"(max-width: 910px) 100vw, 910px\" \/><\/a><\/p>\n<h2><\/h2>\n<div class=\"caldera-grid\" id=\"caldera_form_1\" data-cf-ver=\"1.9.7\" data-cf-form-id=\"CF5b00382b5a25d\"><div id=\"caldera_notices_1\" data-spinner=\"https:\/\/odontoapeles.com.br\/dentista\/clinica-odontologica\/zona-sul\/wp-admin\/images\/spinner.gif\"><\/div><form data-instance=\"1\" class=\"CF5b00382b5a25d caldera_forms_form cfajax-trigger\" method=\"POST\" enctype=\"multipart\/form-data\" id=\"CF5b00382b5a25d_1\" data-form-id=\"CF5b00382b5a25d\" aria-label=\"FALE CONOSCO\" data-target=\"#caldera_notices_1\" data-template=\"#cfajax_CF5b00382b5a25d-tmpl\" data-cfajax=\"CF5b00382b5a25d\" data-load-element=\"_parent\" data-load-class=\"cf_processing\" data-post-disable=\"0\" data-action=\"cf_process_ajax_submit\" data-request=\"https:\/\/odontoapeles.com.br\/dentista\/clinica-odontologica\/zona-sul\/cf-api\/CF5b00382b5a25d\" data-hiderows=\"true\">\r\n<input type=\"hidden\" id=\"_cf_verify_CF5b00382b5a25d\" name=\"_cf_verify\" value=\"a252ce3aaf\"  data-nonce-time=\"1777445597\" \/><input type=\"hidden\" name=\"_wp_http_referer\" value=\"\/dentista\/clinica-odontologica\/zona-sul\/wp-json\/wp\/v2\/posts\/1648\" \/><div id=\"cf2-CF5b00382b5a25d_1\"><\/div><input type=\"hidden\" name=\"_cf_frm_id\" value=\"CF5b00382b5a25d\">\r\n<input type=\"hidden\" name=\"_cf_frm_ct\" value=\"1\">\r\n<input type=\"hidden\" name=\"cfajax\" value=\"CF5b00382b5a25d\">\r\n<input type=\"hidden\" name=\"_cf_cr_pst\" value=\"1648\">\r\n<div class=\"hide\" style=\"display:none; overflow:hidden;height:0;width:0;\">\r\n<label>Url<\/label><input type=\"text\" name=\"url\" value=\"\" autocomplete=\"off\">\r\n<\/div><div id=\"CF5b00382b5a25d_1-row-1\"  class=\"row  first_row\"><div  class=\"col-sm-12  single\"><div class=\"\"><\/div><\/div><\/div><div id=\"CF5b00382b5a25d_1-row-2\"  class=\"row \"><div  class=\"col-sm-4  first_col\"><div data-field-wrapper=\"fld_8768091\" class=\"form-group\" id=\"fld_8768091_1-wrap\">\r\n\t<label id=\"fld_8768091Label\" for=\"fld_8768091_1\" class=\"control-label\">Nome <span aria-hidden=\"true\" role=\"presentation\" class=\"field_required\" style=\"color:#ee0000;\">*<\/span><\/label>\r\n\t<div class=\"\">\r\n\t\t<input   required type=\"text\" data-field=\"fld_8768091\" class=\" form-control\" id=\"fld_8768091_1\" name=\"fld_8768091\" value=\"\" data-type=\"text\" aria-required=\"true\"   aria-labelledby=\"fld_8768091Label\" >\t\t\t<\/div>\r\n<\/div>\r\n<div data-field-wrapper=\"fld_9286608\" class=\"form-group\" id=\"fld_9286608_1-wrap\">\r\n\t<label id=\"fld_9286608Label\" for=\"fld_9286608_1\" class=\"control-label\">WhatsApp<\/label>\r\n\t<div class=\"\">\r\n\t\t<input    type=\"text\" data-field=\"fld_9286608\" class=\" form-control\" id=\"fld_9286608_1\" name=\"fld_9286608\" value=\"\" data-type=\"text\"   aria-labelledby=\"fld_9286608Label\" >\t\t\t<\/div>\r\n<\/div>\r\n<\/div><div  class=\"col-sm-4 \"><div data-field-wrapper=\"fld_9970286\" class=\"form-group\" id=\"fld_9970286_1-wrap\">\r\n\t<label id=\"fld_9970286Label\" for=\"fld_9970286_1\" class=\"control-label\">Telefone <span aria-hidden=\"true\" role=\"presentation\" class=\"field_required\" style=\"color:#ee0000;\">*<\/span><\/label>\r\n\t<div class=\"\">\r\n\t\t<input   required type=\"text\" data-field=\"fld_9970286\" class=\" form-control\" id=\"fld_9970286_1\" name=\"fld_9970286\" value=\"\" data-type=\"text\" aria-required=\"true\"   aria-labelledby=\"fld_9970286Label\" >\t\t\t<\/div>\r\n<\/div>\r\n<div data-field-wrapper=\"fld_8026901\" class=\"form-group\" id=\"fld_8026901_1-wrap\">\r\n\t<label id=\"fld_8026901Label\" for=\"fld_8026901_1\" class=\"control-label\">Como nos Conheceu?<\/label>\r\n\t<div class=\"\">\r\n\t\t<select name=\"fld_8026901\" value=\"opt1754659\" data-field=\"fld_8026901\" class=\"form-control\" id=\"fld_8026901_1\"    aria-labelledby=\"fld_8026901Label\" >\n\t\t\t\t\t\t\t<option value=\"Google\" selected=\"selected\" data-calc-value=\"Google\" >\n\t\t\t\t\t\tGoogle\t\t\t\t\t<\/option>\n\t\t\t\t\t\t\t\t\t\t<option value=\"Facebook\"  data-calc-value=\"Facebook\" >\n\t\t\t\t\t\tFacebook\t\t\t\t\t<\/option>\n\t\t\t\t\t\t\t\t\t\t<option value=\"Instagram\"  data-calc-value=\"Instagram\" >\n\t\t\t\t\t\tInstagram\t\t\t\t\t<\/option>\n\t\t\t\t\t\t\t\t\t\t<option value=\"Indica\u00e7\u00e3o\"  data-calc-value=\"Indica\u00e7\u00e3o\" >\n\t\t\t\t\t\tIndica\u00e7\u00e3o\t\t\t\t\t<\/option>\n\t\t\t\t\t\t\t\t\t\t<option value=\"Placa\"  data-calc-value=\"Placa\" >\n\t\t\t\t\t\tPlaca\t\t\t\t\t<\/option>\n\t\t\t\t\t\t\t\t\t\t<option value=\"Outros\"  data-calc-value=\"Outros\" >\n\t\t\t\t\t\tOutros\t\t\t\t\t<\/option>\n\t\t\t\t\t\t\t<\/select>\n\t\t\t<\/div>\r\n<\/div>\r\n<\/div><div  class=\"col-sm-4  last_col\"><div data-field-wrapper=\"fld_6009157\" class=\"form-group\" id=\"fld_6009157_1-wrap\">\r\n\t<label id=\"fld_6009157Label\" for=\"fld_6009157_1\" class=\"control-label\">Endere\u00e7o de E-mail <span aria-hidden=\"true\" role=\"presentation\" class=\"field_required\" style=\"color:#ee0000;\">*<\/span><\/label>\r\n\t<div class=\"\">\r\n\t\t<input   required type=\"email\" data-field=\"fld_6009157\" class=\" form-control\" id=\"fld_6009157_1\" name=\"fld_6009157\" value=\"\" data-type=\"email\" aria-required=\"true\"   aria-labelledby=\"fld_6009157Label\" >\t\t\t<\/div>\r\n<\/div>\r\n<div data-field-wrapper=\"fld_2601416\" class=\"form-group\" id=\"fld_2601416_1-wrap\">\r\n\t<label id=\"fld_2601416Label\" for=\"fld_2601416_1\" class=\"control-label\">Que Tratamento Deseja Realizar?<\/label>\r\n\t<div class=\"\">\r\n\t\t<select name=\"fld_2601416\" value=\"\" data-field=\"fld_2601416\" class=\"form-control\" id=\"fld_2601416_1\"    aria-labelledby=\"fld_2601416Label\" >\n\t\t<option value=\"\"><\/option>\r\n\t\t\t\t\t<option value=\"Harmoniza\u00e7\u00e3o Orofacial\"  data-calc-value=\"Harmoniza\u00e7\u00e3o Orofacial\" >\n\t\t\t\t\t\tHarmoniza\u00e7\u00e3o Orofacial\t\t\t\t\t<\/option>\n\t\t\t\t\t\t\t\t\t\t<option value=\"Botox e Preenchimento Facial\"  data-calc-value=\"Botox e Preenchimento Facial\" >\n\t\t\t\t\t\tBotox e Preenchimento Facial\t\t\t\t\t<\/option>\n\t\t\t\t\t\t\t\t\t\t<option value=\"Bichectomia\"  data-calc-value=\"Bichectomia\" >\n\t\t\t\t\t\tBichectomia\t\t\t\t\t<\/option>\n\t\t\t\t\t\t\t\t\t\t<option value=\"Lipo de Papada\"  data-calc-value=\"Lipo de Papada\" >\n\t\t\t\t\t\tLipo de Papada\t\t\t\t\t<\/option>\n\t\t\t\t\t\t\t\t\t\t<option value=\"Jato de Plasma\"  data-calc-value=\"Jato de Plasma\" >\n\t\t\t\t\t\tJato de Plasma\t\t\t\t\t<\/option>\n\t\t\t\t\t\t\t\t\t\t<option value=\"Odontologia Est\u00e9tica\"  data-calc-value=\"Odontologia Est\u00e9tica\" >\n\t\t\t\t\t\tOdontologia Est\u00e9tica\t\t\t\t\t<\/option>\n\t\t\t\t\t\t\t\t\t\t<option value=\"Rinomodela\u00e7\u00e3o\"  data-calc-value=\"Rinomodela\u00e7\u00e3o\" >\n\t\t\t\t\t\tRinomodela\u00e7\u00e3o\t\t\t\t\t<\/option>\n\t\t\t\t\t\t\t\t\t\t<option value=\"Implantes Dent\u00e1rios\"  data-calc-value=\"Implantes Dent\u00e1rios\" >\n\t\t\t\t\t\tImplantes Dent\u00e1rios\t\t\t\t\t<\/option>\n\t\t\t\t\t\t\t\t\t\t<option value=\"Clareamento Dental\"  data-calc-value=\"Clareamento Dental\" >\n\t\t\t\t\t\tClareamento Dental\t\t\t\t\t<\/option>\n\t\t\t\t\t\t\t\t\t\t<option value=\"Ortodontia\"  data-calc-value=\"Ortodontia\" >\n\t\t\t\t\t\tOrtodontia\t\t\t\t\t<\/option>\n\t\t\t\t\t\t\t\t\t\t<option value=\"Endodontia\"  data-calc-value=\"Endodontia\" >\n\t\t\t\t\t\tEndodontia\t\t\t\t\t<\/option>\n\t\t\t\t\t\t\t\t\t\t<option value=\"Pr\u00f3tese Dental\"  data-calc-value=\"Pr\u00f3tese Dental\" >\n\t\t\t\t\t\tPr\u00f3tese Dental\t\t\t\t\t<\/option>\n\t\t\t\t\t\t\t\t\t\t<option value=\"Periodontia\"  data-calc-value=\"Periodontia\" >\n\t\t\t\t\t\tPeriodontia\t\t\t\t\t<\/option>\n\t\t\t\t\t\t\t\t\t\t<option value=\"Cirurgia Oral\"  data-calc-value=\"Cirurgia Oral\" >\n\t\t\t\t\t\tCirurgia Oral\t\t\t\t\t<\/option>\n\t\t\t\t\t\t\t<\/select>\n\t\t\t<\/div>\r\n<\/div>\r\n<\/div><\/div><div id=\"CF5b00382b5a25d_1-row-3\"  class=\"row \"><div  class=\"col-sm-12  single\"><div data-field-wrapper=\"fld_8340154\" class=\"form-group\" id=\"fld_8340154_1-wrap\">\r\n\t<label id=\"fld_8340154Label\" for=\"fld_8340154_1\" class=\"control-label\">Sua Mensagem<\/label>\r\n\t<div class=\"\">\r\n\t\t<textarea name=\"fld_8340154\" value=\"\" data-field=\"fld_8340154\" class=\"form-control\" id=\"fld_8340154_1\" rows=\"4\"    aria-labelledby=\"fld_8340154Label\" ><\/textarea>\n\t\t\t<\/div>\r\n<\/div>\r\n<div class=\"\"><p><\/p>\n<\/div><\/div><\/div><div id=\"CF5b00382b5a25d_1-row-4\"  class=\"row  last_row\"><div  class=\"col-sm-12  single\"><div data-field-wrapper=\"fld_7908577\" class=\"form-group\" id=\"fld_7908577_1-wrap\">\r\n<div class=\"\">\r\n\t<input  class=\"btn btn-default\" type=\"submit\" name=\"fld_7908577\" id=\"fld_7908577_1\" value=\"Enviar Mensagem\" data-field=\"fld_7908577\"  >\n<\/div>\r\n<\/div>\r\n\t<input class=\"button_trigger_1\" type=\"hidden\" name=\"fld_7908577\" id=\"fld_7908577_1_btn\" value=\"\" data-field=\"fld_7908577\"  \/>\n<\/div><\/div><\/form>\r\n<\/div>\r\n\n<h2 style=\"text-align: justify;\"><span style=\"color: #ffffff;\">Refrigerantes e C\u00e1rie Dent\u00e1ria, Refrigerantes e C\u00e1rie Dent\u00e1ria Zona Sul, Refrigerantes e C\u00e1rie Dent\u00e1ria Zona Sul SP, Refrigerantes e C\u00e1rie Dent\u00e1ria SP, Refrigerantes e C\u00e1rie Dent\u00e1ria S\u00e3o Paulo\u00a0<\/span><\/h2>\n","protected":false},"excerpt":{"rendered":"<p>Refrigerantes &#8211; seu papel na forma\u00e7\u00e3o da c\u00e1rie dent\u00e1ria: Qual a rela\u00e7\u00e3o entre refrigerantes e c\u00e1rie dent\u00e1ria? Os refrigerantes destacam-se como uma das fontes mais importantes presentes na dieta capazes de causar a c\u00e1rie dental, atingindo pessoas de todas as idades. O \u00e1cido e o a\u00e7\u00facar encontrados nestas bebidas\u00a0podem dissolver o esmalte do dente e&hellip;<\/p>\n","protected":false},"author":1,"featured_media":2227,"comment_status":"open","ping_status":"open","sticky":false,"template":"","format":"standard","meta":{"_joinchat":[],"footnotes":""},"categories":[1],"tags":[],"class_list":["post-1648","post","type-post","status-publish","format-standard","has-post-thumbnail","hentry","category-artigos-odontologicos","category-1","description-off"],"yoast_head":"<!-- This site is optimized with the Yoast SEO Premium plugin v22.1 (Yoast SEO v25.8) - https:\/\/yoast.com\/wordpress\/plugins\/seo\/ -->\n<title>Refrigerantes e C\u00e1rie Dent\u00e1ria Zona Sul SP - Odontologia Apeles Lemos<\/title>\n<meta name=\"description\" content=\"Os refrigerantes cont\u00e9m a\u00e7\u00facares que s\u00e3o metabolizados pelas bact\u00e9rias bucais, as quais produzem \u00e1cidos causadores da c\u00e1rie dent\u00e1ria.\" \/>\n<meta name=\"robots\" content=\"index, follow, max-snippet:-1, max-image-preview:large, max-video-preview:-1\" \/>\n<link rel=\"canonical\" href=\"https:\/\/odontoapeles.com.br\/dentista\/clinica-odontologica\/zona-sul\/refrigerantes-e-carie-dentaria\/\" \/>\n<meta name=\"twitter:label1\" content=\"Escrito por\" \/>\n\t<meta name=\"twitter:data1\" content=\"administrador\" \/>\n\t<meta name=\"twitter:label2\" content=\"Est. tempo de leitura\" \/>\n\t<meta name=\"twitter:data2\" content=\"5 minutos\" \/>\n<script type=\"application\/ld+json\" class=\"yoast-schema-graph\">{\"@context\":\"https:\/\/schema.org\",\"@graph\":[{\"@type\":\"Article\",\"@id\":\"https:\/\/odontoapeles.com.br\/dentista\/clinica-odontologica\/zona-sul\/refrigerantes-e-carie-dentaria\/#article\",\"isPartOf\":{\"@id\":\"https:\/\/odontoapeles.com.br\/dentista\/clinica-odontologica\/zona-sul\/refrigerantes-e-carie-dentaria\/\"},\"author\":{\"name\":\"administrador\",\"@id\":\"https:\/\/odontoapeles.com.br\/dentista\/clinica-odontologica\/zona-sul\/#\/schema\/person\/e05aefb4aac5b48d28fe5ef123d5e991\"},\"headline\":\"Refrigerantes e C\u00e1rie dent\u00e1ria\",\"datePublished\":\"2016-02-08T03:01:22+00:00\",\"dateModified\":\"2021-01-03T05:26:41+00:00\",\"mainEntityOfPage\":{\"@id\":\"https:\/\/odontoapeles.com.br\/dentista\/clinica-odontologica\/zona-sul\/refrigerantes-e-carie-dentaria\/\"},\"wordCount\":964,\"commentCount\":0,\"publisher\":{\"@id\":\"https:\/\/odontoapeles.com.br\/dentista\/clinica-odontologica\/zona-sul\/#organization\"},\"image\":{\"@id\":\"https:\/\/odontoapeles.com.br\/dentista\/clinica-odontologica\/zona-sul\/refrigerantes-e-carie-dentaria\/#primaryimage\"},\"thumbnailUrl\":\"https:\/\/odontoapeles.com.br\/dentista\/clinica-odontologica\/zona-sul\/wp-content\/uploads\/2016\/02\/dentes-refrigerante.jpg\",\"articleSection\":[\"Artigos Odontol\u00f3gicos\"],\"inLanguage\":\"pt-BR\",\"potentialAction\":[{\"@type\":\"CommentAction\",\"name\":\"Comment\",\"target\":[\"https:\/\/odontoapeles.com.br\/dentista\/clinica-odontologica\/zona-sul\/refrigerantes-e-carie-dentaria\/#respond\"]}]},{\"@type\":\"WebPage\",\"@id\":\"https:\/\/odontoapeles.com.br\/dentista\/clinica-odontologica\/zona-sul\/refrigerantes-e-carie-dentaria\/\",\"url\":\"https:\/\/odontoapeles.com.br\/dentista\/clinica-odontologica\/zona-sul\/refrigerantes-e-carie-dentaria\/\",\"name\":\"Refrigerantes e C\u00e1rie Dent\u00e1ria Zona Sul SP - Odontologia Apeles Lemos\",\"isPartOf\":{\"@id\":\"https:\/\/odontoapeles.com.br\/dentista\/clinica-odontologica\/zona-sul\/#website\"},\"primaryImageOfPage\":{\"@id\":\"https:\/\/odontoapeles.com.br\/dentista\/clinica-odontologica\/zona-sul\/refrigerantes-e-carie-dentaria\/#primaryimage\"},\"image\":{\"@id\":\"https:\/\/odontoapeles.com.br\/dentista\/clinica-odontologica\/zona-sul\/refrigerantes-e-carie-dentaria\/#primaryimage\"},\"thumbnailUrl\":\"https:\/\/odontoapeles.com.br\/dentista\/clinica-odontologica\/zona-sul\/wp-content\/uploads\/2016\/02\/dentes-refrigerante.jpg\",\"datePublished\":\"2016-02-08T03:01:22+00:00\",\"dateModified\":\"2021-01-03T05:26:41+00:00\",\"description\":\"Os refrigerantes cont\u00e9m a\u00e7\u00facares que s\u00e3o metabolizados pelas bact\u00e9rias bucais, as quais produzem \u00e1cidos causadores da c\u00e1rie dent\u00e1ria.\",\"breadcrumb\":{\"@id\":\"https:\/\/odontoapeles.com.br\/dentista\/clinica-odontologica\/zona-sul\/refrigerantes-e-carie-dentaria\/#breadcrumb\"},\"inLanguage\":\"pt-BR\",\"potentialAction\":[{\"@type\":\"ReadAction\",\"target\":[\"https:\/\/odontoapeles.com.br\/dentista\/clinica-odontologica\/zona-sul\/refrigerantes-e-carie-dentaria\/\"]}]},{\"@type\":\"ImageObject\",\"inLanguage\":\"pt-BR\",\"@id\":\"https:\/\/odontoapeles.com.br\/dentista\/clinica-odontologica\/zona-sul\/refrigerantes-e-carie-dentaria\/#primaryimage\",\"url\":\"https:\/\/odontoapeles.com.br\/dentista\/clinica-odontologica\/zona-sul\/wp-content\/uploads\/2016\/02\/dentes-refrigerante.jpg\",\"contentUrl\":\"https:\/\/odontoapeles.com.br\/dentista\/clinica-odontologica\/zona-sul\/wp-content\/uploads\/2016\/02\/dentes-refrigerante.jpg\",\"width\":515,\"height\":315},{\"@type\":\"BreadcrumbList\",\"@id\":\"https:\/\/odontoapeles.com.br\/dentista\/clinica-odontologica\/zona-sul\/refrigerantes-e-carie-dentaria\/#breadcrumb\",\"itemListElement\":[{\"@type\":\"ListItem\",\"position\":1,\"name\":\"In\u00edcio\",\"item\":\"https:\/\/odontoapeles.com.br\/dentista\/clinica-odontologica\/zona-sul\/\"},{\"@type\":\"ListItem\",\"position\":2,\"name\":\"Refrigerantes e C\u00e1rie dent\u00e1ria\"}]},{\"@type\":\"WebSite\",\"@id\":\"https:\/\/odontoapeles.com.br\/dentista\/clinica-odontologica\/zona-sul\/#website\",\"url\":\"https:\/\/odontoapeles.com.br\/dentista\/clinica-odontologica\/zona-sul\/\",\"name\":\"Dentista Zona Sul SP - Odontologia Apeles Lemos - 5563-5471\",\"description\":\"Refer\u00eancia h\u00e1 30 anos em Odontologia, Cl\u00ednica Odontol\u00f3gica, Cl\u00ednica Dent\u00e1ria e Dentista Zona Sul SP. Whats App: 9 4624-0000. Dentista Zona Sul SP - Odontologia Apeles Lemos - 5563-5471\",\"publisher\":{\"@id\":\"https:\/\/odontoapeles.com.br\/dentista\/clinica-odontologica\/zona-sul\/#organization\"},\"potentialAction\":[{\"@type\":\"SearchAction\",\"target\":{\"@type\":\"EntryPoint\",\"urlTemplate\":\"https:\/\/odontoapeles.com.br\/dentista\/clinica-odontologica\/zona-sul\/?s={search_term_string}\"},\"query-input\":{\"@type\":\"PropertyValueSpecification\",\"valueRequired\":true,\"valueName\":\"search_term_string\"}}],\"inLanguage\":\"pt-BR\"},{\"@type\":\"Organization\",\"@id\":\"https:\/\/odontoapeles.com.br\/dentista\/clinica-odontologica\/zona-sul\/#organization\",\"name\":\"Dentista Zona Sul SP - Odontologia Apeles Lemos - 5563-5471\",\"url\":\"https:\/\/odontoapeles.com.br\/dentista\/clinica-odontologica\/zona-sul\/\",\"logo\":{\"@type\":\"ImageObject\",\"inLanguage\":\"pt-BR\",\"@id\":\"https:\/\/odontoapeles.com.br\/dentista\/clinica-odontologica\/zona-sul\/#\/schema\/logo\/image\/\",\"url\":\"https:\/\/odontoapeles.com.br\/dentista\/clinica-odontologica\/zona-sul\/wp-content\/uploads\/2018\/05\/logo.png\",\"contentUrl\":\"https:\/\/odontoapeles.com.br\/dentista\/clinica-odontologica\/zona-sul\/wp-content\/uploads\/2018\/05\/logo.png\",\"width\":443,\"height\":190,\"caption\":\"Dentista Zona Sul SP - Odontologia Apeles Lemos - 5563-5471\"},\"image\":{\"@id\":\"https:\/\/odontoapeles.com.br\/dentista\/clinica-odontologica\/zona-sul\/#\/schema\/logo\/image\/\"},\"sameAs\":[\"https:\/\/www.facebook.com\/odontoapeles\"]},{\"@type\":\"Person\",\"@id\":\"https:\/\/odontoapeles.com.br\/dentista\/clinica-odontologica\/zona-sul\/#\/schema\/person\/e05aefb4aac5b48d28fe5ef123d5e991\",\"name\":\"administrador\",\"image\":{\"@type\":\"ImageObject\",\"inLanguage\":\"pt-BR\",\"@id\":\"https:\/\/odontoapeles.com.br\/dentista\/clinica-odontologica\/zona-sul\/#\/schema\/person\/image\/\",\"url\":\"https:\/\/secure.gravatar.com\/avatar\/e3089e6fb36c5ac23fe49c3206f06570?s=96&d=mm&r=g\",\"contentUrl\":\"https:\/\/secure.gravatar.com\/avatar\/e3089e6fb36c5ac23fe49c3206f06570?s=96&d=mm&r=g\",\"caption\":\"administrador\"}}]}<\/script>\n<!-- \/ Yoast SEO Premium plugin. -->","yoast_head_json":{"title":"Refrigerantes e C\u00e1rie Dent\u00e1ria Zona Sul SP - Odontologia Apeles Lemos","description":"Os refrigerantes cont\u00e9m a\u00e7\u00facares que s\u00e3o metabolizados pelas bact\u00e9rias bucais, as quais produzem \u00e1cidos causadores da c\u00e1rie dent\u00e1ria.","robots":{"index":"index","follow":"follow","max-snippet":"max-snippet:-1","max-image-preview":"max-image-preview:large","max-video-preview":"max-video-preview:-1"},"canonical":"https:\/\/odontoapeles.com.br\/dentista\/clinica-odontologica\/zona-sul\/refrigerantes-e-carie-dentaria\/","twitter_misc":{"Escrito por":"administrador","Est. tempo de leitura":"5 minutos"},"schema":{"@context":"https:\/\/schema.org","@graph":[{"@type":"Article","@id":"https:\/\/odontoapeles.com.br\/dentista\/clinica-odontologica\/zona-sul\/refrigerantes-e-carie-dentaria\/#article","isPartOf":{"@id":"https:\/\/odontoapeles.com.br\/dentista\/clinica-odontologica\/zona-sul\/refrigerantes-e-carie-dentaria\/"},"author":{"name":"administrador","@id":"https:\/\/odontoapeles.com.br\/dentista\/clinica-odontologica\/zona-sul\/#\/schema\/person\/e05aefb4aac5b48d28fe5ef123d5e991"},"headline":"Refrigerantes e C\u00e1rie dent\u00e1ria","datePublished":"2016-02-08T03:01:22+00:00","dateModified":"2021-01-03T05:26:41+00:00","mainEntityOfPage":{"@id":"https:\/\/odontoapeles.com.br\/dentista\/clinica-odontologica\/zona-sul\/refrigerantes-e-carie-dentaria\/"},"wordCount":964,"commentCount":0,"publisher":{"@id":"https:\/\/odontoapeles.com.br\/dentista\/clinica-odontologica\/zona-sul\/#organization"},"image":{"@id":"https:\/\/odontoapeles.com.br\/dentista\/clinica-odontologica\/zona-sul\/refrigerantes-e-carie-dentaria\/#primaryimage"},"thumbnailUrl":"https:\/\/odontoapeles.com.br\/dentista\/clinica-odontologica\/zona-sul\/wp-content\/uploads\/2016\/02\/dentes-refrigerante.jpg","articleSection":["Artigos Odontol\u00f3gicos"],"inLanguage":"pt-BR","potentialAction":[{"@type":"CommentAction","name":"Comment","target":["https:\/\/odontoapeles.com.br\/dentista\/clinica-odontologica\/zona-sul\/refrigerantes-e-carie-dentaria\/#respond"]}]},{"@type":"WebPage","@id":"https:\/\/odontoapeles.com.br\/dentista\/clinica-odontologica\/zona-sul\/refrigerantes-e-carie-dentaria\/","url":"https:\/\/odontoapeles.com.br\/dentista\/clinica-odontologica\/zona-sul\/refrigerantes-e-carie-dentaria\/","name":"Refrigerantes e C\u00e1rie Dent\u00e1ria Zona Sul SP - Odontologia Apeles Lemos","isPartOf":{"@id":"https:\/\/odontoapeles.com.br\/dentista\/clinica-odontologica\/zona-sul\/#website"},"primaryImageOfPage":{"@id":"https:\/\/odontoapeles.com.br\/dentista\/clinica-odontologica\/zona-sul\/refrigerantes-e-carie-dentaria\/#primaryimage"},"image":{"@id":"https:\/\/odontoapeles.com.br\/dentista\/clinica-odontologica\/zona-sul\/refrigerantes-e-carie-dentaria\/#primaryimage"},"thumbnailUrl":"https:\/\/odontoapeles.com.br\/dentista\/clinica-odontologica\/zona-sul\/wp-content\/uploads\/2016\/02\/dentes-refrigerante.jpg","datePublished":"2016-02-08T03:01:22+00:00","dateModified":"2021-01-03T05:26:41+00:00","description":"Os refrigerantes cont\u00e9m a\u00e7\u00facares que s\u00e3o metabolizados pelas bact\u00e9rias bucais, as quais produzem \u00e1cidos causadores da c\u00e1rie dent\u00e1ria.","breadcrumb":{"@id":"https:\/\/odontoapeles.com.br\/dentista\/clinica-odontologica\/zona-sul\/refrigerantes-e-carie-dentaria\/#breadcrumb"},"inLanguage":"pt-BR","potentialAction":[{"@type":"ReadAction","target":["https:\/\/odontoapeles.com.br\/dentista\/clinica-odontologica\/zona-sul\/refrigerantes-e-carie-dentaria\/"]}]},{"@type":"ImageObject","inLanguage":"pt-BR","@id":"https:\/\/odontoapeles.com.br\/dentista\/clinica-odontologica\/zona-sul\/refrigerantes-e-carie-dentaria\/#primaryimage","url":"https:\/\/odontoapeles.com.br\/dentista\/clinica-odontologica\/zona-sul\/wp-content\/uploads\/2016\/02\/dentes-refrigerante.jpg","contentUrl":"https:\/\/odontoapeles.com.br\/dentista\/clinica-odontologica\/zona-sul\/wp-content\/uploads\/2016\/02\/dentes-refrigerante.jpg","width":515,"height":315},{"@type":"BreadcrumbList","@id":"https:\/\/odontoapeles.com.br\/dentista\/clinica-odontologica\/zona-sul\/refrigerantes-e-carie-dentaria\/#breadcrumb","itemListElement":[{"@type":"ListItem","position":1,"name":"In\u00edcio","item":"https:\/\/odontoapeles.com.br\/dentista\/clinica-odontologica\/zona-sul\/"},{"@type":"ListItem","position":2,"name":"Refrigerantes e C\u00e1rie dent\u00e1ria"}]},{"@type":"WebSite","@id":"https:\/\/odontoapeles.com.br\/dentista\/clinica-odontologica\/zona-sul\/#website","url":"https:\/\/odontoapeles.com.br\/dentista\/clinica-odontologica\/zona-sul\/","name":"Dentista Zona Sul SP - Odontologia Apeles Lemos - 5563-5471","description":"Refer\u00eancia h\u00e1 30 anos em Odontologia, Cl\u00ednica Odontol\u00f3gica, Cl\u00ednica Dent\u00e1ria e Dentista Zona Sul SP. Whats App: 9 4624-0000. Dentista Zona Sul SP - Odontologia Apeles Lemos - 5563-5471","publisher":{"@id":"https:\/\/odontoapeles.com.br\/dentista\/clinica-odontologica\/zona-sul\/#organization"},"potentialAction":[{"@type":"SearchAction","target":{"@type":"EntryPoint","urlTemplate":"https:\/\/odontoapeles.com.br\/dentista\/clinica-odontologica\/zona-sul\/?s={search_term_string}"},"query-input":{"@type":"PropertyValueSpecification","valueRequired":true,"valueName":"search_term_string"}}],"inLanguage":"pt-BR"},{"@type":"Organization","@id":"https:\/\/odontoapeles.com.br\/dentista\/clinica-odontologica\/zona-sul\/#organization","name":"Dentista Zona Sul SP - Odontologia Apeles Lemos - 5563-5471","url":"https:\/\/odontoapeles.com.br\/dentista\/clinica-odontologica\/zona-sul\/","logo":{"@type":"ImageObject","inLanguage":"pt-BR","@id":"https:\/\/odontoapeles.com.br\/dentista\/clinica-odontologica\/zona-sul\/#\/schema\/logo\/image\/","url":"https:\/\/odontoapeles.com.br\/dentista\/clinica-odontologica\/zona-sul\/wp-content\/uploads\/2018\/05\/logo.png","contentUrl":"https:\/\/odontoapeles.com.br\/dentista\/clinica-odontologica\/zona-sul\/wp-content\/uploads\/2018\/05\/logo.png","width":443,"height":190,"caption":"Dentista Zona Sul SP - Odontologia Apeles Lemos - 5563-5471"},"image":{"@id":"https:\/\/odontoapeles.com.br\/dentista\/clinica-odontologica\/zona-sul\/#\/schema\/logo\/image\/"},"sameAs":["https:\/\/www.facebook.com\/odontoapeles"]},{"@type":"Person","@id":"https:\/\/odontoapeles.com.br\/dentista\/clinica-odontologica\/zona-sul\/#\/schema\/person\/e05aefb4aac5b48d28fe5ef123d5e991","name":"administrador","image":{"@type":"ImageObject","inLanguage":"pt-BR","@id":"https:\/\/odontoapeles.com.br\/dentista\/clinica-odontologica\/zona-sul\/#\/schema\/person\/image\/","url":"https:\/\/secure.gravatar.com\/avatar\/e3089e6fb36c5ac23fe49c3206f06570?s=96&d=mm&r=g","contentUrl":"https:\/\/secure.gravatar.com\/avatar\/e3089e6fb36c5ac23fe49c3206f06570?s=96&d=mm&r=g","caption":"administrador"}}]}},"_links":{"self":[{"href":"https:\/\/odontoapeles.com.br\/dentista\/clinica-odontologica\/zona-sul\/wp-json\/wp\/v2\/posts\/1648","targetHints":{"allow":["GET"]}}],"collection":[{"href":"https:\/\/odontoapeles.com.br\/dentista\/clinica-odontologica\/zona-sul\/wp-json\/wp\/v2\/posts"}],"about":[{"href":"https:\/\/odontoapeles.com.br\/dentista\/clinica-odontologica\/zona-sul\/wp-json\/wp\/v2\/types\/post"}],"author":[{"embeddable":true,"href":"https:\/\/odontoapeles.com.br\/dentista\/clinica-odontologica\/zona-sul\/wp-json\/wp\/v2\/users\/1"}],"replies":[{"embeddable":true,"href":"https:\/\/odontoapeles.com.br\/dentista\/clinica-odontologica\/zona-sul\/wp-json\/wp\/v2\/comments?post=1648"}],"version-history":[{"count":0,"href":"https:\/\/odontoapeles.com.br\/dentista\/clinica-odontologica\/zona-sul\/wp-json\/wp\/v2\/posts\/1648\/revisions"}],"wp:featuredmedia":[{"embeddable":true,"href":"https:\/\/odontoapeles.com.br\/dentista\/clinica-odontologica\/zona-sul\/wp-json\/wp\/v2\/media\/2227"}],"wp:attachment":[{"href":"https:\/\/odontoapeles.com.br\/dentista\/clinica-odontologica\/zona-sul\/wp-json\/wp\/v2\/media?parent=1648"}],"wp:term":[{"taxonomy":"category","embeddable":true,"href":"https:\/\/odontoapeles.com.br\/dentista\/clinica-odontologica\/zona-sul\/wp-json\/wp\/v2\/categories?post=1648"},{"taxonomy":"post_tag","embeddable":true,"href":"https:\/\/odontoapeles.com.br\/dentista\/clinica-odontologica\/zona-sul\/wp-json\/wp\/v2\/tags?post=1648"}],"curies":[{"name":"wp","href":"https:\/\/api.w.org\/{rel}","templated":true}]}}