{"id":1633,"date":"2016-02-08T02:54:02","date_gmt":"2016-02-08T02:54:02","guid":{"rendered":"http:\/\/odontoapeles.com.br\/clinica-odontologica\/dentista\/zona-sul\/\/?p=1633"},"modified":"2021-01-03T05:39:26","modified_gmt":"2021-01-03T05:39:26","slug":"infeccoes-gengivais","status":"publish","type":"post","link":"https:\/\/odontoapeles.com.br\/dentista\/clinica-odontologica\/zona-sul\/infeccoes-gengivais\/","title":{"rendered":"Infec\u00e7\u00f5es Gengivais e Dent\u00e1rias e Problemas Card\u00edacos"},"content":{"rendered":"<h4><span style=\"color: #0000ff;\"><strong>Infec\u00e7\u00f5es Gengivais e Problemas Card\u00edacos &#8211; Introdu\u00e7\u00e3o:<\/strong><\/span><\/h4>\n<p style=\"text-align: justify;\"><span style=\"color: #000000;\"><span style=\"text-decoration: underline;\"><strong>Infec\u00e7\u00f5es gengivais<\/strong><\/span>\u00a0e problemas card\u00edacos podem estar intimamente relacionados. <\/span><\/p>\n<p style=\"text-align: justify;\"><span style=\"color: #000000;\">Estudos cient\u00edficos\u00a0indicam\u00a0que as <strong><span style=\"text-decoration: underline;\">infec\u00e7\u00f5es gengivais<\/span><\/strong>\u00a0podem contribuir para o desenvolvimento de problemas card\u00edacos. A sa\u00fade bucal \u00e9 parte integrante da sa\u00fade geral, pois a cavidade bucal n\u00e3o \u00e9 parte isolada do restante do organismo.<\/span><\/p>\n<div id=\"attachment_1634\" style=\"width: 250px\" class=\"wp-caption alignleft\"><img decoding=\"async\" aria-describedby=\"caption-attachment-1634\" class=\"wp-image-1634\" title=\"Infec\u00e7\u00f5es Gengivais e Problemas Card\u00edacos\" src=\"http:\/\/odontoapeles.com.br\/dentista\/clinica-odontologica\/zona-sul\/\/\/wp-content\/uploads\/2016\/02\/cardiaco-150x150.jpg\" alt=\"Infec\u00e7\u00f5es Gengivais e Problemas Card\u00edacos\" width=\"240\" height=\"135\" \/><p id=\"caption-attachment-1634\" class=\"wp-caption-text\"><strong><span style=\"color: #ff6600;\">INFEC\u00c7\u00d5ES GENGIVAIS E PROBLEMAS CARD\u00cdACOS<\/span><\/strong><\/p><\/div>\n<p style=\"text-align: justify;\"><span style=\"color: #000000;\">Por isso, devemos evitar <span style=\"text-decoration: underline;\"><strong>as infec\u00e7\u00f5es bucais<\/strong><\/span>, pois elas podem comprometer nossa sa\u00fade geral. <\/span><\/p>\n<p style=\"text-align: justify;\"><span style=\"color: #000000;\">Tais infec\u00e7\u00f5es s\u00e3o\u00a0causadas pela a\u00e7\u00e3o de bact\u00e9rias normalmente presentes no meio bucal, as quais t\u00eam o potencial de elaborar produtos t\u00f3xicos e causar les\u00f5es na gengiva. <\/span><\/p>\n<p style=\"text-align: justify;\"><span style=\"color: #000000;\">Quando estas les\u00f5es n\u00e3o s\u00e3o tratadas em tempo adequado, as\u00a0bact\u00e9rias que infectam os tecidos gengivais podem\u00a0espalhar-se-se pelo organismo atrav\u00e9s da corrente sangu\u00ednea e causar s\u00e9rios danos a outros\u00a0\u00f3rg\u00e3os importantes do corpo humano, como, por exemplo, o cora\u00e7\u00e3o.<br \/>\n<span style=\"color: #ffffff;\">.<\/span><\/span><\/p>\n<h4><span style=\"color: #0000ff;\"><strong>Infec\u00e7\u00f5es Gengivais &#8211; Preven\u00e7\u00e3o:<\/strong><\/span><span style=\"color: #000000;\"><span style=\"color: #ffffff;\">.<\/span><\/span><\/h4>\n<div id=\"attachment_3009\" style=\"width: 260px\" class=\"wp-caption alignleft\"><img decoding=\"async\" aria-describedby=\"caption-attachment-3009\" class=\"wp-image-3009\" title=\"Infec\u00e7\u00f5es Gengivais e Problemas Card\u00edacos\" src=\"http:\/\/odontoapeles.com.br\/dentista\/clinica-odontologica\/zona-sul\/\/\/wp-content\/uploads\/2016\/02\/Doen\u00e7a-Gengival-1.jpg\" alt=\"Infec\u00e7\u00f5es Gengivais e Problemas Card\u00edacos\" width=\"250\" height=\"167\" \/><p id=\"caption-attachment-3009\" class=\"wp-caption-text\"><strong><span style=\"color: #ff6600;\">INFEC\u00c7\u00c3O GENGIVAL<\/span><\/strong><\/p><\/div>\n<p style=\"text-align: justify;\"><span style=\"color: #000000;\">A preven\u00e7\u00e3o das <span style=\"text-decoration: underline;\"><strong>infec\u00e7\u00f5es gengivais<\/strong><\/span>\u00a0inicia-se com a pr\u00e1tica di\u00e1ria de uma adequada\u00a0higiene bucal caseira di\u00e1ria.<\/span><\/p>\n<p style=\"text-align: justify;\"><span style=\"color: #000000;\">A imensa maioria das pessoas executa t\u00e9cnicas de higiene bucal inadequadas. <\/span><\/p>\n<p style=\"text-align: justify;\"><span style=\"color: #000000;\">Uma correta higiene bucal somente pode ser realizada a partir das orienta\u00e7\u00f5es do dentista. <\/span><\/p>\n<p style=\"text-align: justify;\"><span style=\"color: #000000;\">Cabe a este profissional a obriga\u00e7\u00e3o de ensinar aos seus pacientes os m\u00e9todos apropriados de utiliza\u00e7\u00e3o da escova, do fio dental e dos demais equipamentos de higieniza\u00e7\u00e3o bucal dispon\u00edveis para cada caso espec\u00edfico.<\/span><\/p>\n<p style=\"text-align: justify;\"><span style=\"color: #000000;\">O objetivo da higieniza\u00e7\u00e3o bucal \u00e9 a elimina\u00e7\u00e3o rotineira\u00a0e di\u00e1ria da placa bacteriana, a\u00a0maior inimiga da sa\u00fade bucal.\u00a0<\/span><\/p>\n<p style=\"text-align: justify;\"><span style=\"color: #000000;\">A placa bacteriana \u00e9 uma crosta invis\u00edvel, mole e pegajosa que se gruda aos\u00a0dentes como resultado da ades\u00e3o contante das bact\u00e9rias bucais \u00e0s superf\u00edcies dos dentes.\u00a0<\/span><\/p>\n<p style=\"text-align: justify;\"><span style=\"color: #000000;\">Ap\u00f3s a forma\u00e7\u00e3o e amadurecimento da placa, suas bact\u00e9rias\u00a0passam a produzir \u00e1cidos e toxinas que causam as c\u00e1ries dent\u00e1rias e as <span style=\"text-decoration: underline;\"><strong>infec\u00e7\u00f5es gengivais<\/strong><\/span>, doen\u00e7as capazes de levar \u00e0 perda dos dentes.<\/span><\/p>\n<div id=\"attachment_2817\" style=\"width: 190px\" class=\"wp-caption alignleft\"><img decoding=\"async\" aria-describedby=\"caption-attachment-2817\" class=\"wp-image-2817\" title=\"Odontologia Apeles Lemos - 5563-5471, SP, Cl\u00ednica Odontol\u00f3gica Sul SP, Cl\u00ednica Odontol\u00f3gica na Zona Sul SP,\" src=\"https:\/\/odontoapeles.com.br\/dentista\/clinica-odontologica\/zona-sul\/wp-content\/uploads\/2016\/02\/higiene-bucal-adequada-150x150.jpg\" alt=\"Odontologia Apeles Lemos - 5563-5471, SP, Cl\u00ednica Odontol\u00f3gica Sul SP, Cl\u00ednica Odontol\u00f3gica na Zona Sul SP,\" width=\"180\" height=\"121\" \/><p id=\"caption-attachment-2817\" class=\"wp-caption-text\"><strong><span style=\"color: #ff6600;\">HIGIENIZA\u00c7\u00c3O BUCAL<\/span><\/strong><\/p><\/div>\n<p style=\"text-align: justify;\"><span style=\"color: #000000;\">A placa bacteriana, devido \u00e0 sua consist\u00eancia mole, pode e deve ser r\u00e1pida e constantemente removida dos dentes atrav\u00e9s da pr\u00e1tica de uma adequada higiene bucal di\u00e1ria. <\/span><\/p>\n<p style=\"text-align: justify;\"><span style=\"color: #000000;\">Caso contr\u00e1rio, se\u00a0persistir por um per\u00edodo de tempo mais prolongado aderida \u00e0s superf\u00edcies dos dentes, a placa sofrer\u00e1 um processo de calcifica\u00e7\u00e3o (endurecimento), transformando-se no t\u00e1rtaro. <\/span><\/p>\n<p style=\"text-align: justify;\"><span style=\"color: #000000;\">Uma vez formado, a superf\u00edcie \u00e1spera e porosa do t\u00e1rtaro\u00a0propicia imensos\u00a0ac\u00famulos de bact\u00e9rias, as quais continuar\u00e3o produzindo toxinas capazes de desenvolver doen\u00e7as bucais.<\/span><\/p>\n<p style=\"text-align: justify;\"><span style=\"color: #000000;\">O t\u00e1rtaro \u00e9 uma crosta s\u00f3lida que se fixa firmemente aos\u00a0dentes e, ao contr\u00e1rio da placa dental, somente pode ser removido das superf\u00edcies dent\u00e1rias pelo dentista, por meio de um procedimento chamado de raspagem.<\/span><\/p>\n<div id=\"attachment_4846\" style=\"width: 310px\" class=\"wp-caption alignleft\"><a class=\"dt-single-image\" href=\"http:\/\/odontoapeles.com.br\/dentista\/clinica-odontologica\/zona-sul\/\/\/wp-content\/uploads\/2016\/02\/Exame-Cl\u00ednico-Bucal.jpg\" data-dt-img-description=\"EXAME BUCAL\"><img loading=\"lazy\" decoding=\"async\" aria-describedby=\"caption-attachment-4846\" class=\"wp-image-4846 size-medium\" title=\"Odontologia Apeles Lemos - 5563-5471, SP, Cl\u00ednica Odontol\u00f3gica Sul SP, Cl\u00ednica Odontol\u00f3gica na Zona Sul SP,\" src=\"https:\/\/odontoapeles.com.br\/dentista\/clinica-odontologica\/zona-sul\/wp-content\/uploads\/2016\/02\/Exame-Cl\u00ednico-Bucal-300x113.jpg\" alt=\"Odontologia Apeles Lemos - 5563-5471, SP, Cl\u00ednica Odontol\u00f3gica Sul SP, Cl\u00ednica Odontol\u00f3gica na Zona Sul SP,\" width=\"300\" height=\"113\" srcset=\"https:\/\/odontoapeles.com.br\/dentista\/clinica-odontologica\/zona-sul\/wp-content\/uploads\/2016\/02\/Exame-Cl\u00ednico-Bucal-300x113.jpg 300w, https:\/\/odontoapeles.com.br\/dentista\/clinica-odontologica\/zona-sul\/wp-content\/uploads\/2016\/02\/Exame-Cl\u00ednico-Bucal.jpg 366w\" sizes=\"(max-width: 300px) 100vw, 300px\" \/><\/a><p id=\"caption-attachment-4846\" class=\"wp-caption-text\"><strong><span style=\"color: #ff6600;\">EXAME \u00a0DA CAVIDADE BUCAL<\/span><\/strong><\/p><\/div>\n<p style=\"text-align: justify;\"><span style=\"color: #000000;\">A preven\u00e7\u00e3o das <strong><span style=\"text-decoration: underline;\">infec\u00e7\u00f5es bucais<\/span> <\/strong>e sua dissemina\u00e7\u00e3o para outras partes do organismo deve ser uma preocupa\u00e7\u00e3o constante. <\/span><\/p>\n<p style=\"text-align: justify;\"><span style=\"color: #000000;\">Paralelamente \u00e0 higiene oral\u00a0caseira di\u00e1ria, visitas peri\u00f3dicas ao dentista s\u00e3o important\u00edssimas, pois algumas infec\u00e7\u00f5es gengivais n\u00e3o produzem sinais e sintomas claros, podendo passar despercebidas. <\/span><\/p>\n<p style=\"text-align: justify;\"><span style=\"color: #000000;\">Nestas situa\u00e7\u00f5es, o exame da cavidade bucal realizado periodicamente pelo dentista \u00e9 indispens\u00e1vel para suas identifica\u00e7\u00f5es precoces.<br \/>\n<span style=\"color: #ffffff;\">.<\/span><\/span><\/p>\n<div class=\"mceTemp\"><\/div>\n<h4><span style=\"color: #0000ff;\"><strong>Infec\u00e7\u00f5es Gengivais &#8211; Tratamento:<\/strong><\/span><\/h4>\n<p style=\"text-align: justify;\"><span style=\"color: #000000;\">As <span style=\"text-decoration: underline;\"><strong>infec\u00e7\u00f5es gengivais<\/strong><\/span> s\u00e3o objeto de tratamento da Periodontia, especialidade odontol\u00f3gica que cuida das doen\u00e7as e anomalias da gengiva e dos demais tecidos de prote\u00e7\u00e3o e sustenta\u00e7\u00e3o dos dentes (tecidos periodontais). <\/span><\/p>\n<p style=\"text-align: justify;\"><span style=\"color: #000000;\">Uma vez instaladas, as infec\u00e7\u00f5es gengivais devem ser tratadas de acordo com o est\u00e1gio em que se encontram:<\/span><\/p>\n<div id=\"attachment_2820\" style=\"width: 250px\" class=\"wp-caption alignleft\"><a class=\"dt-single-image\" href=\"http:\/\/odontoapeles.com.br\/dentista\/clinica-odontologica\/zona-sul\/\/\/wp-content\/uploads\/2016\/02\/limpeza-profissional-dos-dentes.jpg\" data-dt-img-description=\"Limpeza Dent\u00e1ria Profissional\"><img loading=\"lazy\" decoding=\"async\" aria-describedby=\"caption-attachment-2820\" class=\"wp-image-2820 size-full\" title=\"Odontologia Apeles Lemos - 5563-5471, SP, Cl\u00ednica Odontol\u00f3gica Sul SP, Cl\u00ednica Odontol\u00f3gica na Zona Sul SP,\" src=\"https:\/\/odontoapeles.com.br\/dentista\/clinica-odontologica\/zona-sul\/wp-content\/uploads\/2016\/02\/limpeza-profissional-dos-dentes.jpg\" alt=\"Odontologia Apeles Lemos - 5563-5471, SP, Cl\u00ednica Odontol\u00f3gica Sul SP, Cl\u00ednica Odontol\u00f3gica na Zona Sul SP,\" width=\"240\" height=\"160\" \/><\/a><p id=\"caption-attachment-2820\" class=\"wp-caption-text\"><strong><span style=\"color: #ff6600;\">LIMPEZA DENT\u00c1RIA PROFISSIONAL<\/span><\/strong><\/p><\/div>\n<p style=\"text-align: justify;\"><span style=\"color: #000000;\">As infec\u00e7\u00f5es leves e iniciais da gengiva s\u00e3o chamadas de gengivites e s\u00e3o totalmente revers\u00edveis. <\/span><\/p>\n<p style=\"text-align: justify;\"><span style=\"color: #000000;\">Seus sintomas cl\u00e1ssicos s\u00e3o vermelhid\u00e3o, incha\u00e7o e sangramento da gengiva. <\/span><\/p>\n<p style=\"text-align: justify;\"><span style=\"color: #000000;\">O\u00a0tratamento geralmente resume-se \u00e0 corre\u00e7\u00e3o dos m\u00e9todos de higiene oral caseira executados pelo paciente, associada a uma limpeza dent\u00e1ria profissional.<\/span><\/p>\n<p style=\"text-align: justify;\"><span style=\"color: #000000;\">As <strong><span style=\"text-decoration: underline;\">infec\u00e7\u00f5es gengivais<\/span><\/strong> mais graves aprofundam-se e estendem-se internamente atingindo para as estruturas de sustenta\u00e7\u00e3o dent\u00e1ria (osso de suporte da raiz dental), passando a serem denominadas periodontites. <\/span><\/p>\n<p style=\"text-align: justify;\"><span style=\"color: #000000;\">O tratamento \u00e9 muito mais complexo, podendo inclusive exigir, al\u00e9m de sess\u00f5es de\u00a0raspagem\u00a0minuciosas dos dentes necessariamente realizadas sob anestesia, a execu\u00e7\u00e3o\u00a0de cirurgias complementares.<\/span><\/p>\n<div id=\"attachment_4855\" style=\"width: 285px\" class=\"wp-caption alignleft\"><a class=\"dt-single-image\" href=\"http:\/\/odontoapeles.com.br\/dentista\/clinica-odontologica\/zona-sul\/\/\/wp-content\/uploads\/2016\/02\/Raspagem-Dent\u00e1ria.jpg\" data-dt-img-description=\"RASPAGEM DENT\u00c1RIA\"><img loading=\"lazy\" decoding=\"async\" aria-describedby=\"caption-attachment-4855\" class=\"wp-image-4855 size-full\" title=\"Odontologia Apeles Lemos - 5563-5471, SP, Cl\u00ednica Odontol\u00f3gica Sul SP, Cl\u00ednica Odontol\u00f3gica na Zona Sul SP,\" src=\"https:\/\/odontoapeles.com.br\/dentista\/clinica-odontologica\/zona-sul\/wp-content\/uploads\/2016\/02\/Raspagem-Dent\u00e1ria.jpg\" alt=\"Odontologia Apeles Lemos - 5563-5471, SP, Cl\u00ednica Odontol\u00f3gica Sul SP, Cl\u00ednica Odontol\u00f3gica na Zona Sul SP,\" width=\"275\" height=\"183\" \/><\/a><p id=\"caption-attachment-4855\" class=\"wp-caption-text\"><strong><span style=\"color: #ff6600;\">RASPAGEM DENT\u00c1RIA<\/span><\/strong><\/p><\/div>\n<p style=\"text-align: justify;\"><span style=\"color: #000000;\">As periodontites n\u00e3o t\u00eam cura, mas podem e devem ser controladas por \u00a0meio de tratamentos peri\u00f3dicos, uma vez que constituem infec\u00e7\u00f5es profundas dos tecidos periodontais. <\/span><\/p>\n<p style=\"text-align: justify;\"><span style=\"color: #000000;\">Sua persist\u00eancia e progress\u00e3o pode levar \u00e0 perda dental em raz\u00e3o da destrui\u00e7\u00e3o completa do suporte \u00f3sseo do dente, al\u00e9m da possibilidade da infec\u00e7\u00e3o bacteriana atingir, via corrente sangu\u00ednea,\u00a0\u00f3rg\u00e3os importantes \u00e0 dist\u00e2ncia, como, por exemplo, o cora\u00e7\u00e3o.<\/span><\/p>\n<p style=\"text-align: justify;\"><span style=\"color: #000000;\">Para maiores informa\u00e7\u00f5es sobre gengivites e periodontites, recomendamos a leitura do artigo espec\u00edfico em nosso site: &#8220;Gengivite e Periodontite&#8221;.<br \/>\n<span style=\"color: #ffffff;\">.<\/span><\/span><\/p>\n<h4><\/h4>\n<h4><span style=\"color: #0000ff;\"><strong>Tratamentos\u00a0Dent\u00e1rios &#8211; Riscos para Pacientes Card\u00edacos:<\/strong><\/span><\/h4>\n<div id=\"attachment_2659\" style=\"width: 160px\" class=\"wp-caption alignleft\"><a class=\"dt-single-image\" href=\"http:\/\/odontoapeles.com.br\/dentista\/clinica-odontologica\/zona-sul\/\/\/wp-content\/uploads\/2016\/02\/Infec\u00e7\u00f5es-dent\u00e1rias-e-gengivais-e-problemas-card\u00edacos-3.jpg\" rel=\"attachment wp-att-2659\" data-dt-img-description=\"Protegendo o Cora\u00e7\u00e3o\"><img loading=\"lazy\" decoding=\"async\" aria-describedby=\"caption-attachment-2659\" class=\"wp-image-2659 size-thumbnail\" title=\"Infec\u00e7\u00f5es Gengivais e Problemas Card\u00edacos\" src=\"http:\/\/odontoapeles.com.br\/dentista\/clinica-odontologica\/zona-sul\/\/\/wp-content\/uploads\/2016\/02\/Infec\u00e7\u00f5es-dent\u00e1rias-e-gengivais-e-problemas-card\u00edacos-3-150x150.jpg\" alt=\"Infec\u00e7\u00f5es Gengivais e Problemas Card\u00edacos\" width=\"150\" height=\"150\" \/><\/a><p id=\"caption-attachment-2659\" class=\"wp-caption-text\"><strong><span style=\"color: #ff6600;\">PROTEGENDO O CORA\u00c7\u00c3O<\/span><\/strong><\/p><\/div>\n<p style=\"text-align: justify;\"><span style=\"color: #000000;\">Antes de iniciar qualquer tipo de procedimento odontol\u00f3gico, n\u00e3o deixe de informar seu dentista sobre qualquer doen\u00e7a ou dist\u00farbio card\u00edaco pr\u00e9-existente e sobre quais medicamentos faz uso regular. <\/span><\/p>\n<p style=\"text-align: justify;\"><span style=\"color: #000000;\">Ele anotar\u00e1 essas informa\u00e7\u00f5es em seu prontu\u00e1rio e tomar\u00e1 decis\u00f5es sobre o seu tratamento dent\u00e1rio em conjunto com o seu m\u00e9dico. <\/span><\/p>\n<p style=\"text-align: justify;\"><span style=\"color: #000000;\">Desta foram voc\u00ea poder\u00e1 submeter-se ao seu tratamento odontol\u00f3gico em condi\u00e7\u00f5es de total seguran\u00e7a.<\/span><\/p>\n<p style=\"text-align: justify;\"><span style=\"color: #000000;\">Se voc\u00ea tiver certos problemas card\u00edacos, existe a possibilidade de voc\u00ea desenvolver uma endocardite bacteriana, uma infec\u00e7\u00e3o do revestimento interno do cora\u00e7\u00e3o ou das v\u00e1lvulas. <\/span><\/p>\n<p style=\"text-align: justify;\"><span style=\"color: #000000;\">Procedimentos que envolvam sangramentos no interior da cavidade bucal podem permitir que certas bact\u00e9rias bucais penetrem na sistema circulat\u00f3rio sangu\u00edneo e atinjam as v\u00e1lvulas ou tecidos que foram enfraquecidos por um problema card\u00edaco pr\u00e9-existente. <\/span><\/p>\n<p style=\"text-align: justify;\"><span style=\"color: #000000;\">Nesses casos, a infe\u00e7\u00e3o pode danificar ou mesmo destruir as v\u00e1lvulas e os tecidos do cora\u00e7\u00e3o.<\/span><\/p>\n<p><span style=\"color: #000000;\">H\u00e1 precau\u00e7\u00f5es que voc\u00ea deve tomar se seu hist\u00f3rico card\u00edaco apresentar algum dos itens abaixo:<\/span><\/p>\n<ul>\n<li><span style=\"color: #000000;\">V\u00e1lvulas artificiais;<\/span><\/li>\n<li><span style=\"color: #000000;\"><a href=\"http:\/\/www.apcd.org.br\/index.php\/noticias\/1243\/em-foco\/23-05-2018\/endocardite-infecciosa-da-boca-ao-coracao\">Endocardite<\/a>;<\/span><\/li>\n<li><span style=\"color: #000000;\">Defeitos card\u00edacos cong\u00eanitos;<\/span><\/li>\n<li><span style=\"color: #000000;\">V\u00e1lvulas card\u00edacas danificadas por problemas como, por exemplo, a febre reum\u00e1tica;<\/span><\/li>\n<li><span style=\"color: #000000;\">Prolapso da v\u00e1lvula mitral com sopro;<\/span><\/li>\n<li><span style=\"color: #000000;\">Miocardiopatia hipertr\u00f3fica.<\/span><\/li>\n<\/ul>\n<p><a class=\"dt-single-image\" href=\"https:\/\/odontoapeles.com.br\/dentista\/clinica-odontologica\/zona-sul\/wp-content\/uploads\/2018\/08\/cabecalho-11.png\" data-dt-img-description=\"\"><img loading=\"lazy\" decoding=\"async\" class=\"aligncenter wp-image-10843 size-full\" title=\"SP,\u00a0 Cl\u00ednica Odontol\u00f3gica na Zona Sul SP\" src=\"https:\/\/odontoapeles.com.br\/dentista\/clinica-odontologica\/zona-sul\/wp-content\/uploads\/2018\/08\/cabecalho-11.png\" alt=\"Odontologia Apeles Lemos - 5563-5471,\u00a0 Cl\u00ednica Odontol\u00f3gica Zona Sul SP\" width=\"910\" height=\"272\" srcset=\"https:\/\/odontoapeles.com.br\/dentista\/clinica-odontologica\/zona-sul\/wp-content\/uploads\/2018\/08\/cabecalho-11.png 910w, https:\/\/odontoapeles.com.br\/dentista\/clinica-odontologica\/zona-sul\/wp-content\/uploads\/2018\/08\/cabecalho-11-300x90.png 300w, https:\/\/odontoapeles.com.br\/dentista\/clinica-odontologica\/zona-sul\/wp-content\/uploads\/2018\/08\/cabecalho-11-768x230.png 768w, https:\/\/odontoapeles.com.br\/dentista\/clinica-odontologica\/zona-sul\/wp-content\/uploads\/2018\/08\/cabecalho-11-600x179.png 600w\" sizes=\"(max-width: 910px) 100vw, 910px\" \/><\/a><\/p>\n<p>&nbsp;<\/p>\n<div class=\"caldera-grid\" id=\"caldera_form_1\" data-cf-ver=\"1.9.7\" data-cf-form-id=\"CF5b00382b5a25d\"><div id=\"caldera_notices_1\" data-spinner=\"https:\/\/odontoapeles.com.br\/dentista\/clinica-odontologica\/zona-sul\/wp-admin\/images\/spinner.gif\"><\/div><form data-instance=\"1\" class=\"CF5b00382b5a25d caldera_forms_form cfajax-trigger\" method=\"POST\" enctype=\"multipart\/form-data\" id=\"CF5b00382b5a25d_1\" data-form-id=\"CF5b00382b5a25d\" aria-label=\"FALE CONOSCO\" data-target=\"#caldera_notices_1\" data-template=\"#cfajax_CF5b00382b5a25d-tmpl\" data-cfajax=\"CF5b00382b5a25d\" data-load-element=\"_parent\" data-load-class=\"cf_processing\" data-post-disable=\"0\" data-action=\"cf_process_ajax_submit\" data-request=\"https:\/\/odontoapeles.com.br\/dentista\/clinica-odontologica\/zona-sul\/cf-api\/CF5b00382b5a25d\" data-hiderows=\"true\">\r\n<input type=\"hidden\" id=\"_cf_verify_CF5b00382b5a25d\" name=\"_cf_verify\" value=\"a252ce3aaf\"  data-nonce-time=\"1777445598\" \/><input type=\"hidden\" name=\"_wp_http_referer\" value=\"\/dentista\/clinica-odontologica\/zona-sul\/wp-json\/wp\/v2\/posts\/1633\" \/><div id=\"cf2-CF5b00382b5a25d_1\"><\/div><input type=\"hidden\" name=\"_cf_frm_id\" value=\"CF5b00382b5a25d\">\r\n<input type=\"hidden\" name=\"_cf_frm_ct\" value=\"1\">\r\n<input type=\"hidden\" name=\"cfajax\" value=\"CF5b00382b5a25d\">\r\n<input type=\"hidden\" name=\"_cf_cr_pst\" value=\"1633\">\r\n<div class=\"hide\" style=\"display:none; overflow:hidden;height:0;width:0;\">\r\n<label>Twitter<\/label><input type=\"text\" name=\"twitter\" value=\"\" autocomplete=\"off\">\r\n<\/div><div id=\"CF5b00382b5a25d_1-row-1\"  class=\"row  first_row\"><div  class=\"col-sm-12  single\"><div class=\"\"><\/div><\/div><\/div><div id=\"CF5b00382b5a25d_1-row-2\"  class=\"row \"><div  class=\"col-sm-4  first_col\"><div data-field-wrapper=\"fld_8768091\" class=\"form-group\" id=\"fld_8768091_1-wrap\">\r\n\t<label id=\"fld_8768091Label\" for=\"fld_8768091_1\" class=\"control-label\">Nome <span aria-hidden=\"true\" role=\"presentation\" class=\"field_required\" style=\"color:#ee0000;\">*<\/span><\/label>\r\n\t<div class=\"\">\r\n\t\t<input   required type=\"text\" data-field=\"fld_8768091\" class=\" form-control\" id=\"fld_8768091_1\" name=\"fld_8768091\" value=\"\" data-type=\"text\" aria-required=\"true\"   aria-labelledby=\"fld_8768091Label\" >\t\t\t<\/div>\r\n<\/div>\r\n<div data-field-wrapper=\"fld_9286608\" class=\"form-group\" id=\"fld_9286608_1-wrap\">\r\n\t<label id=\"fld_9286608Label\" for=\"fld_9286608_1\" class=\"control-label\">WhatsApp<\/label>\r\n\t<div class=\"\">\r\n\t\t<input    type=\"text\" data-field=\"fld_9286608\" class=\" form-control\" id=\"fld_9286608_1\" name=\"fld_9286608\" value=\"\" data-type=\"text\"   aria-labelledby=\"fld_9286608Label\" >\t\t\t<\/div>\r\n<\/div>\r\n<\/div><div  class=\"col-sm-4 \"><div data-field-wrapper=\"fld_9970286\" class=\"form-group\" id=\"fld_9970286_1-wrap\">\r\n\t<label id=\"fld_9970286Label\" for=\"fld_9970286_1\" class=\"control-label\">Telefone <span aria-hidden=\"true\" role=\"presentation\" class=\"field_required\" style=\"color:#ee0000;\">*<\/span><\/label>\r\n\t<div class=\"\">\r\n\t\t<input   required type=\"text\" data-field=\"fld_9970286\" class=\" form-control\" id=\"fld_9970286_1\" name=\"fld_9970286\" value=\"\" data-type=\"text\" aria-required=\"true\"   aria-labelledby=\"fld_9970286Label\" >\t\t\t<\/div>\r\n<\/div>\r\n<div data-field-wrapper=\"fld_8026901\" class=\"form-group\" id=\"fld_8026901_1-wrap\">\r\n\t<label id=\"fld_8026901Label\" for=\"fld_8026901_1\" class=\"control-label\">Como nos Conheceu?<\/label>\r\n\t<div class=\"\">\r\n\t\t<select name=\"fld_8026901\" value=\"opt1754659\" data-field=\"fld_8026901\" class=\"form-control\" id=\"fld_8026901_1\"    aria-labelledby=\"fld_8026901Label\" >\n\t\t\t\t\t\t\t<option value=\"Google\" selected=\"selected\" data-calc-value=\"Google\" >\n\t\t\t\t\t\tGoogle\t\t\t\t\t<\/option>\n\t\t\t\t\t\t\t\t\t\t<option value=\"Facebook\"  data-calc-value=\"Facebook\" >\n\t\t\t\t\t\tFacebook\t\t\t\t\t<\/option>\n\t\t\t\t\t\t\t\t\t\t<option value=\"Instagram\"  data-calc-value=\"Instagram\" >\n\t\t\t\t\t\tInstagram\t\t\t\t\t<\/option>\n\t\t\t\t\t\t\t\t\t\t<option value=\"Indica\u00e7\u00e3o\"  data-calc-value=\"Indica\u00e7\u00e3o\" >\n\t\t\t\t\t\tIndica\u00e7\u00e3o\t\t\t\t\t<\/option>\n\t\t\t\t\t\t\t\t\t\t<option value=\"Placa\"  data-calc-value=\"Placa\" >\n\t\t\t\t\t\tPlaca\t\t\t\t\t<\/option>\n\t\t\t\t\t\t\t\t\t\t<option value=\"Outros\"  data-calc-value=\"Outros\" >\n\t\t\t\t\t\tOutros\t\t\t\t\t<\/option>\n\t\t\t\t\t\t\t<\/select>\n\t\t\t<\/div>\r\n<\/div>\r\n<\/div><div  class=\"col-sm-4  last_col\"><div data-field-wrapper=\"fld_6009157\" class=\"form-group\" id=\"fld_6009157_1-wrap\">\r\n\t<label id=\"fld_6009157Label\" for=\"fld_6009157_1\" class=\"control-label\">Endere\u00e7o de E-mail <span aria-hidden=\"true\" role=\"presentation\" class=\"field_required\" style=\"color:#ee0000;\">*<\/span><\/label>\r\n\t<div class=\"\">\r\n\t\t<input   required type=\"email\" data-field=\"fld_6009157\" class=\" form-control\" id=\"fld_6009157_1\" name=\"fld_6009157\" value=\"\" data-type=\"email\" aria-required=\"true\"   aria-labelledby=\"fld_6009157Label\" >\t\t\t<\/div>\r\n<\/div>\r\n<div data-field-wrapper=\"fld_2601416\" class=\"form-group\" id=\"fld_2601416_1-wrap\">\r\n\t<label id=\"fld_2601416Label\" for=\"fld_2601416_1\" class=\"control-label\">Que Tratamento Deseja Realizar?<\/label>\r\n\t<div class=\"\">\r\n\t\t<select name=\"fld_2601416\" value=\"\" data-field=\"fld_2601416\" class=\"form-control\" id=\"fld_2601416_1\"    aria-labelledby=\"fld_2601416Label\" >\n\t\t<option value=\"\"><\/option>\r\n\t\t\t\t\t<option value=\"Harmoniza\u00e7\u00e3o Orofacial\"  data-calc-value=\"Harmoniza\u00e7\u00e3o Orofacial\" >\n\t\t\t\t\t\tHarmoniza\u00e7\u00e3o Orofacial\t\t\t\t\t<\/option>\n\t\t\t\t\t\t\t\t\t\t<option value=\"Botox e Preenchimento Facial\"  data-calc-value=\"Botox e Preenchimento Facial\" >\n\t\t\t\t\t\tBotox e Preenchimento Facial\t\t\t\t\t<\/option>\n\t\t\t\t\t\t\t\t\t\t<option value=\"Bichectomia\"  data-calc-value=\"Bichectomia\" >\n\t\t\t\t\t\tBichectomia\t\t\t\t\t<\/option>\n\t\t\t\t\t\t\t\t\t\t<option value=\"Lipo de Papada\"  data-calc-value=\"Lipo de Papada\" >\n\t\t\t\t\t\tLipo de Papada\t\t\t\t\t<\/option>\n\t\t\t\t\t\t\t\t\t\t<option value=\"Jato de Plasma\"  data-calc-value=\"Jato de Plasma\" >\n\t\t\t\t\t\tJato de Plasma\t\t\t\t\t<\/option>\n\t\t\t\t\t\t\t\t\t\t<option value=\"Odontologia Est\u00e9tica\"  data-calc-value=\"Odontologia Est\u00e9tica\" >\n\t\t\t\t\t\tOdontologia Est\u00e9tica\t\t\t\t\t<\/option>\n\t\t\t\t\t\t\t\t\t\t<option value=\"Rinomodela\u00e7\u00e3o\"  data-calc-value=\"Rinomodela\u00e7\u00e3o\" >\n\t\t\t\t\t\tRinomodela\u00e7\u00e3o\t\t\t\t\t<\/option>\n\t\t\t\t\t\t\t\t\t\t<option value=\"Implantes Dent\u00e1rios\"  data-calc-value=\"Implantes Dent\u00e1rios\" >\n\t\t\t\t\t\tImplantes Dent\u00e1rios\t\t\t\t\t<\/option>\n\t\t\t\t\t\t\t\t\t\t<option value=\"Clareamento Dental\"  data-calc-value=\"Clareamento Dental\" >\n\t\t\t\t\t\tClareamento Dental\t\t\t\t\t<\/option>\n\t\t\t\t\t\t\t\t\t\t<option value=\"Ortodontia\"  data-calc-value=\"Ortodontia\" >\n\t\t\t\t\t\tOrtodontia\t\t\t\t\t<\/option>\n\t\t\t\t\t\t\t\t\t\t<option value=\"Endodontia\"  data-calc-value=\"Endodontia\" >\n\t\t\t\t\t\tEndodontia\t\t\t\t\t<\/option>\n\t\t\t\t\t\t\t\t\t\t<option value=\"Pr\u00f3tese Dental\"  data-calc-value=\"Pr\u00f3tese Dental\" >\n\t\t\t\t\t\tPr\u00f3tese Dental\t\t\t\t\t<\/option>\n\t\t\t\t\t\t\t\t\t\t<option value=\"Periodontia\"  data-calc-value=\"Periodontia\" >\n\t\t\t\t\t\tPeriodontia\t\t\t\t\t<\/option>\n\t\t\t\t\t\t\t\t\t\t<option value=\"Cirurgia Oral\"  data-calc-value=\"Cirurgia Oral\" >\n\t\t\t\t\t\tCirurgia Oral\t\t\t\t\t<\/option>\n\t\t\t\t\t\t\t<\/select>\n\t\t\t<\/div>\r\n<\/div>\r\n<\/div><\/div><div id=\"CF5b00382b5a25d_1-row-3\"  class=\"row \"><div  class=\"col-sm-12  single\"><div data-field-wrapper=\"fld_8340154\" class=\"form-group\" id=\"fld_8340154_1-wrap\">\r\n\t<label id=\"fld_8340154Label\" for=\"fld_8340154_1\" class=\"control-label\">Sua Mensagem<\/label>\r\n\t<div class=\"\">\r\n\t\t<textarea name=\"fld_8340154\" value=\"\" data-field=\"fld_8340154\" class=\"form-control\" id=\"fld_8340154_1\" rows=\"4\"    aria-labelledby=\"fld_8340154Label\" ><\/textarea>\n\t\t\t<\/div>\r\n<\/div>\r\n<div class=\"\"><p><\/p>\n<\/div><\/div><\/div><div id=\"CF5b00382b5a25d_1-row-4\"  class=\"row  last_row\"><div  class=\"col-sm-12  single\"><div data-field-wrapper=\"fld_7908577\" class=\"form-group\" id=\"fld_7908577_1-wrap\">\r\n<div class=\"\">\r\n\t<input  class=\"btn btn-default\" type=\"submit\" name=\"fld_7908577\" id=\"fld_7908577_1\" value=\"Enviar Mensagem\" data-field=\"fld_7908577\"  >\n<\/div>\r\n<\/div>\r\n\t<input class=\"button_trigger_1\" type=\"hidden\" name=\"fld_7908577\" id=\"fld_7908577_1_btn\" value=\"\" data-field=\"fld_7908577\"  \/>\n<\/div><\/div><\/form>\r\n<\/div>\r\n\n<p>&nbsp;<\/p>\n","protected":false},"excerpt":{"rendered":"<p>Infec\u00e7\u00f5es Gengivais e Problemas Card\u00edacos &#8211; Introdu\u00e7\u00e3o: Infec\u00e7\u00f5es gengivais\u00a0e problemas card\u00edacos podem estar intimamente relacionados. Estudos cient\u00edficos\u00a0indicam\u00a0que as infec\u00e7\u00f5es gengivais\u00a0podem contribuir para o desenvolvimento de problemas card\u00edacos. A sa\u00fade bucal \u00e9 parte integrante da sa\u00fade geral, pois a cavidade bucal n\u00e3o \u00e9 parte isolada do restante do organismo. Por isso, devemos evitar as infec\u00e7\u00f5es bucais,&hellip;<\/p>\n","protected":false},"author":1,"featured_media":1634,"comment_status":"open","ping_status":"open","sticky":false,"template":"","format":"standard","meta":{"_joinchat":[],"footnotes":""},"categories":[1],"tags":[],"class_list":["post-1633","post","type-post","status-publish","format-standard","has-post-thumbnail","hentry","category-artigos-odontologicos","category-1","description-off"],"yoast_head":"<!-- This site is optimized with the Yoast SEO Premium plugin v22.1 (Yoast SEO v25.8) - https:\/\/yoast.com\/wordpress\/plugins\/seo\/ -->\n<title>Infec\u00e7\u00f5es Gengivais e Dent\u00e1rias e Problemas Card\u00edacos Zona Sul SP<\/title>\n<meta name=\"description\" content=\"As infec\u00e7\u00f5es gengivais e dent\u00e1rias podem espalhar-se pela corrente sangu\u00ednea e afetar gravemente \u00f3rg\u00e3os importantes, tais como o cora\u00e7\u00e3o.\" \/>\n<meta name=\"robots\" content=\"index, follow, max-snippet:-1, max-image-preview:large, max-video-preview:-1\" \/>\n<link rel=\"canonical\" href=\"https:\/\/odontoapeles.com.br\/dentista\/clinica-odontologica\/zona-sul\/infeccoes-gengivais\/\" \/>\n<meta name=\"twitter:label1\" content=\"Escrito por\" \/>\n\t<meta name=\"twitter:data1\" content=\"administrador\" \/>\n\t<meta name=\"twitter:label2\" content=\"Est. tempo de leitura\" \/>\n\t<meta name=\"twitter:data2\" content=\"6 minutos\" \/>\n<script type=\"application\/ld+json\" class=\"yoast-schema-graph\">{\"@context\":\"https:\/\/schema.org\",\"@graph\":[{\"@type\":\"Article\",\"@id\":\"https:\/\/odontoapeles.com.br\/dentista\/clinica-odontologica\/zona-sul\/infeccoes-gengivais\/#article\",\"isPartOf\":{\"@id\":\"https:\/\/odontoapeles.com.br\/dentista\/clinica-odontologica\/zona-sul\/infeccoes-gengivais\/\"},\"author\":{\"name\":\"administrador\",\"@id\":\"https:\/\/odontoapeles.com.br\/dentista\/clinica-odontologica\/zona-sul\/#\/schema\/person\/e05aefb4aac5b48d28fe5ef123d5e991\"},\"headline\":\"Infec\u00e7\u00f5es Gengivais e Dent\u00e1rias e Problemas Card\u00edacos\",\"datePublished\":\"2016-02-08T02:54:02+00:00\",\"dateModified\":\"2021-01-03T05:39:26+00:00\",\"mainEntityOfPage\":{\"@id\":\"https:\/\/odontoapeles.com.br\/dentista\/clinica-odontologica\/zona-sul\/infeccoes-gengivais\/\"},\"wordCount\":1143,\"commentCount\":0,\"publisher\":{\"@id\":\"https:\/\/odontoapeles.com.br\/dentista\/clinica-odontologica\/zona-sul\/#organization\"},\"image\":{\"@id\":\"https:\/\/odontoapeles.com.br\/dentista\/clinica-odontologica\/zona-sul\/infeccoes-gengivais\/#primaryimage\"},\"thumbnailUrl\":\"https:\/\/odontoapeles.com.br\/dentista\/clinica-odontologica\/zona-sul\/wp-content\/uploads\/2016\/02\/cardiaco.jpg\",\"articleSection\":[\"Artigos Odontol\u00f3gicos\"],\"inLanguage\":\"pt-BR\",\"potentialAction\":[{\"@type\":\"CommentAction\",\"name\":\"Comment\",\"target\":[\"https:\/\/odontoapeles.com.br\/dentista\/clinica-odontologica\/zona-sul\/infeccoes-gengivais\/#respond\"]}]},{\"@type\":\"WebPage\",\"@id\":\"https:\/\/odontoapeles.com.br\/dentista\/clinica-odontologica\/zona-sul\/infeccoes-gengivais\/\",\"url\":\"https:\/\/odontoapeles.com.br\/dentista\/clinica-odontologica\/zona-sul\/infeccoes-gengivais\/\",\"name\":\"Infec\u00e7\u00f5es Gengivais e Dent\u00e1rias e Problemas Card\u00edacos Zona Sul SP\",\"isPartOf\":{\"@id\":\"https:\/\/odontoapeles.com.br\/dentista\/clinica-odontologica\/zona-sul\/#website\"},\"primaryImageOfPage\":{\"@id\":\"https:\/\/odontoapeles.com.br\/dentista\/clinica-odontologica\/zona-sul\/infeccoes-gengivais\/#primaryimage\"},\"image\":{\"@id\":\"https:\/\/odontoapeles.com.br\/dentista\/clinica-odontologica\/zona-sul\/infeccoes-gengivais\/#primaryimage\"},\"thumbnailUrl\":\"https:\/\/odontoapeles.com.br\/dentista\/clinica-odontologica\/zona-sul\/wp-content\/uploads\/2016\/02\/cardiaco.jpg\",\"datePublished\":\"2016-02-08T02:54:02+00:00\",\"dateModified\":\"2021-01-03T05:39:26+00:00\",\"description\":\"As infec\u00e7\u00f5es gengivais e dent\u00e1rias podem espalhar-se pela corrente sangu\u00ednea e afetar gravemente \u00f3rg\u00e3os importantes, tais como o cora\u00e7\u00e3o.\",\"breadcrumb\":{\"@id\":\"https:\/\/odontoapeles.com.br\/dentista\/clinica-odontologica\/zona-sul\/infeccoes-gengivais\/#breadcrumb\"},\"inLanguage\":\"pt-BR\",\"potentialAction\":[{\"@type\":\"ReadAction\",\"target\":[\"https:\/\/odontoapeles.com.br\/dentista\/clinica-odontologica\/zona-sul\/infeccoes-gengivais\/\"]}]},{\"@type\":\"ImageObject\",\"inLanguage\":\"pt-BR\",\"@id\":\"https:\/\/odontoapeles.com.br\/dentista\/clinica-odontologica\/zona-sul\/infeccoes-gengivais\/#primaryimage\",\"url\":\"https:\/\/odontoapeles.com.br\/dentista\/clinica-odontologica\/zona-sul\/wp-content\/uploads\/2016\/02\/cardiaco.jpg\",\"contentUrl\":\"https:\/\/odontoapeles.com.br\/dentista\/clinica-odontologica\/zona-sul\/wp-content\/uploads\/2016\/02\/cardiaco.jpg\",\"width\":299,\"height\":168,\"caption\":\"Infec\u00e7\u00f5es Gengivais e Problemas card\u00edacos\"},{\"@type\":\"BreadcrumbList\",\"@id\":\"https:\/\/odontoapeles.com.br\/dentista\/clinica-odontologica\/zona-sul\/infeccoes-gengivais\/#breadcrumb\",\"itemListElement\":[{\"@type\":\"ListItem\",\"position\":1,\"name\":\"In\u00edcio\",\"item\":\"https:\/\/odontoapeles.com.br\/dentista\/clinica-odontologica\/zona-sul\/\"},{\"@type\":\"ListItem\",\"position\":2,\"name\":\"Infec\u00e7\u00f5es Gengivais e Dent\u00e1rias e Problemas Card\u00edacos\"}]},{\"@type\":\"WebSite\",\"@id\":\"https:\/\/odontoapeles.com.br\/dentista\/clinica-odontologica\/zona-sul\/#website\",\"url\":\"https:\/\/odontoapeles.com.br\/dentista\/clinica-odontologica\/zona-sul\/\",\"name\":\"Dentista Zona Sul SP - Odontologia Apeles Lemos - 5563-5471\",\"description\":\"Refer\u00eancia h\u00e1 30 anos em Odontologia, Cl\u00ednica Odontol\u00f3gica, Cl\u00ednica Dent\u00e1ria e Dentista Zona Sul SP. Whats App: 9 4624-0000. Dentista Zona Sul SP - Odontologia Apeles Lemos - 5563-5471\",\"publisher\":{\"@id\":\"https:\/\/odontoapeles.com.br\/dentista\/clinica-odontologica\/zona-sul\/#organization\"},\"potentialAction\":[{\"@type\":\"SearchAction\",\"target\":{\"@type\":\"EntryPoint\",\"urlTemplate\":\"https:\/\/odontoapeles.com.br\/dentista\/clinica-odontologica\/zona-sul\/?s={search_term_string}\"},\"query-input\":{\"@type\":\"PropertyValueSpecification\",\"valueRequired\":true,\"valueName\":\"search_term_string\"}}],\"inLanguage\":\"pt-BR\"},{\"@type\":\"Organization\",\"@id\":\"https:\/\/odontoapeles.com.br\/dentista\/clinica-odontologica\/zona-sul\/#organization\",\"name\":\"Dentista Zona Sul SP - Odontologia Apeles Lemos - 5563-5471\",\"url\":\"https:\/\/odontoapeles.com.br\/dentista\/clinica-odontologica\/zona-sul\/\",\"logo\":{\"@type\":\"ImageObject\",\"inLanguage\":\"pt-BR\",\"@id\":\"https:\/\/odontoapeles.com.br\/dentista\/clinica-odontologica\/zona-sul\/#\/schema\/logo\/image\/\",\"url\":\"https:\/\/odontoapeles.com.br\/dentista\/clinica-odontologica\/zona-sul\/wp-content\/uploads\/2018\/05\/logo.png\",\"contentUrl\":\"https:\/\/odontoapeles.com.br\/dentista\/clinica-odontologica\/zona-sul\/wp-content\/uploads\/2018\/05\/logo.png\",\"width\":443,\"height\":190,\"caption\":\"Dentista Zona Sul SP - Odontologia Apeles Lemos - 5563-5471\"},\"image\":{\"@id\":\"https:\/\/odontoapeles.com.br\/dentista\/clinica-odontologica\/zona-sul\/#\/schema\/logo\/image\/\"},\"sameAs\":[\"https:\/\/www.facebook.com\/odontoapeles\"]},{\"@type\":\"Person\",\"@id\":\"https:\/\/odontoapeles.com.br\/dentista\/clinica-odontologica\/zona-sul\/#\/schema\/person\/e05aefb4aac5b48d28fe5ef123d5e991\",\"name\":\"administrador\",\"image\":{\"@type\":\"ImageObject\",\"inLanguage\":\"pt-BR\",\"@id\":\"https:\/\/odontoapeles.com.br\/dentista\/clinica-odontologica\/zona-sul\/#\/schema\/person\/image\/\",\"url\":\"https:\/\/secure.gravatar.com\/avatar\/e3089e6fb36c5ac23fe49c3206f06570?s=96&d=mm&r=g\",\"contentUrl\":\"https:\/\/secure.gravatar.com\/avatar\/e3089e6fb36c5ac23fe49c3206f06570?s=96&d=mm&r=g\",\"caption\":\"administrador\"}}]}<\/script>\n<!-- \/ Yoast SEO Premium plugin. -->","yoast_head_json":{"title":"Infec\u00e7\u00f5es Gengivais e Dent\u00e1rias e Problemas Card\u00edacos Zona Sul SP","description":"As infec\u00e7\u00f5es gengivais e dent\u00e1rias podem espalhar-se pela corrente sangu\u00ednea e afetar gravemente \u00f3rg\u00e3os importantes, tais como o cora\u00e7\u00e3o.","robots":{"index":"index","follow":"follow","max-snippet":"max-snippet:-1","max-image-preview":"max-image-preview:large","max-video-preview":"max-video-preview:-1"},"canonical":"https:\/\/odontoapeles.com.br\/dentista\/clinica-odontologica\/zona-sul\/infeccoes-gengivais\/","twitter_misc":{"Escrito por":"administrador","Est. tempo de leitura":"6 minutos"},"schema":{"@context":"https:\/\/schema.org","@graph":[{"@type":"Article","@id":"https:\/\/odontoapeles.com.br\/dentista\/clinica-odontologica\/zona-sul\/infeccoes-gengivais\/#article","isPartOf":{"@id":"https:\/\/odontoapeles.com.br\/dentista\/clinica-odontologica\/zona-sul\/infeccoes-gengivais\/"},"author":{"name":"administrador","@id":"https:\/\/odontoapeles.com.br\/dentista\/clinica-odontologica\/zona-sul\/#\/schema\/person\/e05aefb4aac5b48d28fe5ef123d5e991"},"headline":"Infec\u00e7\u00f5es Gengivais e Dent\u00e1rias e Problemas Card\u00edacos","datePublished":"2016-02-08T02:54:02+00:00","dateModified":"2021-01-03T05:39:26+00:00","mainEntityOfPage":{"@id":"https:\/\/odontoapeles.com.br\/dentista\/clinica-odontologica\/zona-sul\/infeccoes-gengivais\/"},"wordCount":1143,"commentCount":0,"publisher":{"@id":"https:\/\/odontoapeles.com.br\/dentista\/clinica-odontologica\/zona-sul\/#organization"},"image":{"@id":"https:\/\/odontoapeles.com.br\/dentista\/clinica-odontologica\/zona-sul\/infeccoes-gengivais\/#primaryimage"},"thumbnailUrl":"https:\/\/odontoapeles.com.br\/dentista\/clinica-odontologica\/zona-sul\/wp-content\/uploads\/2016\/02\/cardiaco.jpg","articleSection":["Artigos Odontol\u00f3gicos"],"inLanguage":"pt-BR","potentialAction":[{"@type":"CommentAction","name":"Comment","target":["https:\/\/odontoapeles.com.br\/dentista\/clinica-odontologica\/zona-sul\/infeccoes-gengivais\/#respond"]}]},{"@type":"WebPage","@id":"https:\/\/odontoapeles.com.br\/dentista\/clinica-odontologica\/zona-sul\/infeccoes-gengivais\/","url":"https:\/\/odontoapeles.com.br\/dentista\/clinica-odontologica\/zona-sul\/infeccoes-gengivais\/","name":"Infec\u00e7\u00f5es Gengivais e Dent\u00e1rias e Problemas Card\u00edacos Zona Sul SP","isPartOf":{"@id":"https:\/\/odontoapeles.com.br\/dentista\/clinica-odontologica\/zona-sul\/#website"},"primaryImageOfPage":{"@id":"https:\/\/odontoapeles.com.br\/dentista\/clinica-odontologica\/zona-sul\/infeccoes-gengivais\/#primaryimage"},"image":{"@id":"https:\/\/odontoapeles.com.br\/dentista\/clinica-odontologica\/zona-sul\/infeccoes-gengivais\/#primaryimage"},"thumbnailUrl":"https:\/\/odontoapeles.com.br\/dentista\/clinica-odontologica\/zona-sul\/wp-content\/uploads\/2016\/02\/cardiaco.jpg","datePublished":"2016-02-08T02:54:02+00:00","dateModified":"2021-01-03T05:39:26+00:00","description":"As infec\u00e7\u00f5es gengivais e dent\u00e1rias podem espalhar-se pela corrente sangu\u00ednea e afetar gravemente \u00f3rg\u00e3os importantes, tais como o cora\u00e7\u00e3o.","breadcrumb":{"@id":"https:\/\/odontoapeles.com.br\/dentista\/clinica-odontologica\/zona-sul\/infeccoes-gengivais\/#breadcrumb"},"inLanguage":"pt-BR","potentialAction":[{"@type":"ReadAction","target":["https:\/\/odontoapeles.com.br\/dentista\/clinica-odontologica\/zona-sul\/infeccoes-gengivais\/"]}]},{"@type":"ImageObject","inLanguage":"pt-BR","@id":"https:\/\/odontoapeles.com.br\/dentista\/clinica-odontologica\/zona-sul\/infeccoes-gengivais\/#primaryimage","url":"https:\/\/odontoapeles.com.br\/dentista\/clinica-odontologica\/zona-sul\/wp-content\/uploads\/2016\/02\/cardiaco.jpg","contentUrl":"https:\/\/odontoapeles.com.br\/dentista\/clinica-odontologica\/zona-sul\/wp-content\/uploads\/2016\/02\/cardiaco.jpg","width":299,"height":168,"caption":"Infec\u00e7\u00f5es Gengivais e Problemas card\u00edacos"},{"@type":"BreadcrumbList","@id":"https:\/\/odontoapeles.com.br\/dentista\/clinica-odontologica\/zona-sul\/infeccoes-gengivais\/#breadcrumb","itemListElement":[{"@type":"ListItem","position":1,"name":"In\u00edcio","item":"https:\/\/odontoapeles.com.br\/dentista\/clinica-odontologica\/zona-sul\/"},{"@type":"ListItem","position":2,"name":"Infec\u00e7\u00f5es Gengivais e Dent\u00e1rias e Problemas Card\u00edacos"}]},{"@type":"WebSite","@id":"https:\/\/odontoapeles.com.br\/dentista\/clinica-odontologica\/zona-sul\/#website","url":"https:\/\/odontoapeles.com.br\/dentista\/clinica-odontologica\/zona-sul\/","name":"Dentista Zona Sul SP - Odontologia Apeles Lemos - 5563-5471","description":"Refer\u00eancia h\u00e1 30 anos em Odontologia, Cl\u00ednica Odontol\u00f3gica, Cl\u00ednica Dent\u00e1ria e Dentista Zona Sul SP. Whats App: 9 4624-0000. Dentista Zona Sul SP - Odontologia Apeles Lemos - 5563-5471","publisher":{"@id":"https:\/\/odontoapeles.com.br\/dentista\/clinica-odontologica\/zona-sul\/#organization"},"potentialAction":[{"@type":"SearchAction","target":{"@type":"EntryPoint","urlTemplate":"https:\/\/odontoapeles.com.br\/dentista\/clinica-odontologica\/zona-sul\/?s={search_term_string}"},"query-input":{"@type":"PropertyValueSpecification","valueRequired":true,"valueName":"search_term_string"}}],"inLanguage":"pt-BR"},{"@type":"Organization","@id":"https:\/\/odontoapeles.com.br\/dentista\/clinica-odontologica\/zona-sul\/#organization","name":"Dentista Zona Sul SP - Odontologia Apeles Lemos - 5563-5471","url":"https:\/\/odontoapeles.com.br\/dentista\/clinica-odontologica\/zona-sul\/","logo":{"@type":"ImageObject","inLanguage":"pt-BR","@id":"https:\/\/odontoapeles.com.br\/dentista\/clinica-odontologica\/zona-sul\/#\/schema\/logo\/image\/","url":"https:\/\/odontoapeles.com.br\/dentista\/clinica-odontologica\/zona-sul\/wp-content\/uploads\/2018\/05\/logo.png","contentUrl":"https:\/\/odontoapeles.com.br\/dentista\/clinica-odontologica\/zona-sul\/wp-content\/uploads\/2018\/05\/logo.png","width":443,"height":190,"caption":"Dentista Zona Sul SP - Odontologia Apeles Lemos - 5563-5471"},"image":{"@id":"https:\/\/odontoapeles.com.br\/dentista\/clinica-odontologica\/zona-sul\/#\/schema\/logo\/image\/"},"sameAs":["https:\/\/www.facebook.com\/odontoapeles"]},{"@type":"Person","@id":"https:\/\/odontoapeles.com.br\/dentista\/clinica-odontologica\/zona-sul\/#\/schema\/person\/e05aefb4aac5b48d28fe5ef123d5e991","name":"administrador","image":{"@type":"ImageObject","inLanguage":"pt-BR","@id":"https:\/\/odontoapeles.com.br\/dentista\/clinica-odontologica\/zona-sul\/#\/schema\/person\/image\/","url":"https:\/\/secure.gravatar.com\/avatar\/e3089e6fb36c5ac23fe49c3206f06570?s=96&d=mm&r=g","contentUrl":"https:\/\/secure.gravatar.com\/avatar\/e3089e6fb36c5ac23fe49c3206f06570?s=96&d=mm&r=g","caption":"administrador"}}]}},"_links":{"self":[{"href":"https:\/\/odontoapeles.com.br\/dentista\/clinica-odontologica\/zona-sul\/wp-json\/wp\/v2\/posts\/1633","targetHints":{"allow":["GET"]}}],"collection":[{"href":"https:\/\/odontoapeles.com.br\/dentista\/clinica-odontologica\/zona-sul\/wp-json\/wp\/v2\/posts"}],"about":[{"href":"https:\/\/odontoapeles.com.br\/dentista\/clinica-odontologica\/zona-sul\/wp-json\/wp\/v2\/types\/post"}],"author":[{"embeddable":true,"href":"https:\/\/odontoapeles.com.br\/dentista\/clinica-odontologica\/zona-sul\/wp-json\/wp\/v2\/users\/1"}],"replies":[{"embeddable":true,"href":"https:\/\/odontoapeles.com.br\/dentista\/clinica-odontologica\/zona-sul\/wp-json\/wp\/v2\/comments?post=1633"}],"version-history":[{"count":0,"href":"https:\/\/odontoapeles.com.br\/dentista\/clinica-odontologica\/zona-sul\/wp-json\/wp\/v2\/posts\/1633\/revisions"}],"wp:featuredmedia":[{"embeddable":true,"href":"https:\/\/odontoapeles.com.br\/dentista\/clinica-odontologica\/zona-sul\/wp-json\/wp\/v2\/media\/1634"}],"wp:attachment":[{"href":"https:\/\/odontoapeles.com.br\/dentista\/clinica-odontologica\/zona-sul\/wp-json\/wp\/v2\/media?parent=1633"}],"wp:term":[{"taxonomy":"category","embeddable":true,"href":"https:\/\/odontoapeles.com.br\/dentista\/clinica-odontologica\/zona-sul\/wp-json\/wp\/v2\/categories?post=1633"},{"taxonomy":"post_tag","embeddable":true,"href":"https:\/\/odontoapeles.com.br\/dentista\/clinica-odontologica\/zona-sul\/wp-json\/wp\/v2\/tags?post=1633"}],"curies":[{"name":"wp","href":"https:\/\/api.w.org\/{rel}","templated":true}]}}